{"id":4268,"date":"2023-06-09T14:42:44","date_gmt":"2023-06-09T20:42:44","guid":{"rendered":"https:\/\/periodiconuevomilenio.com\/?p=4268"},"modified":"2023-06-09T14:43:34","modified_gmt":"2023-06-09T20:43:34","slug":"siste-presidente-municipal-a-rally-educativo-infantil-2023","status":"publish","type":"post","link":"https:\/\/periodiconuevomilenio.com\/index.php\/2023\/06\/09\/siste-presidente-municipal-a-rally-educativo-infantil-2023\/","title":{"rendered":"ASISTE PRESIDENTE MUNICIPAL A RALLY EDUCATIVO INFANTIL 2023"},"content":{"rendered":"\n<p>Jaral del Progreso, Gto.- En las instalaciones del plantel educativo de la primaria Gregorio Torres Quintero, se realiz\u00f3 el Rally Educativo Infantil 2023, evento al que asisti\u00f3 el presidente municipal <a href=\"https:\/\/www.facebook.com\/profile.php?id=100005351049878&amp;__cft__[0]=AZVC7Qzt3ng8PydGKSeBpvAmrGaFQYOBm2owfVjlJ9N0thlTGcILknClyJ0h2-1PexWw88NHvS4p7KWd68VDuhkHjEKkV43Zpykf-6t5WR3j4kJlP8WXyM26VT9JieYoFX_v8EtJ4MQ7dycuDZHtQUQ6L7Ym6o5X86MNfL6n5buEcv7s71gSHso7hjb603Zf99k&amp;__tn__=-]K-R\">Pepe Gonzalez<\/a> Ojeda, quien alent\u00f3 a los ni\u00f1os que contin\u00faen con sus estudios y en caso de tener como meta el contar con una profesi\u00f3n, no dejen que solo quede en sue\u00f1o o meta, sino que la hagan una realidad.<\/p>\n\n\n\n<p>\u201cDivi\u00e9rtanse, <a><\/a>no solo la educaci\u00f3n tiene que se te\u00f3rico, y sobre todo ustedes, las nuevas generaciones, son m\u00e1s din\u00e1micos, ocupan aplicar el conocimiento adquirido en actividades y este Rally tiene esta finalidad, contin\u00faen con sus estudios y estudien alguna carrera o licenciatura, ya que son el futuro de Jaral del Progreso, del estado de Guanajuato y de nuestro pa\u00eds\u201d, declar\u00f3 el presidente municipal.<\/p>\n\n\n\n<p>Los alumnos animados agradecieron las palabras que les brind\u00f3 el presidente municipal, brind\u00e1ndole aplausos por su presencia en el plantel educativo, dando inicio a las diferentes actividades que organiz\u00f3 el personal de la primaria Gregorio Torres Quintero para sus alumnos.<\/p>\n\n\n\n<p>Los Rally Educativos Infantiles son una estrategia din\u00e1mica de aprendizaje, encaminada a motivar y desarrollar habilidades y conocimientos en alumnos y que consiste en resolver ejercicios de matem\u00e1ticas y comprensi\u00f3n lectora, mediante acciones que combinan lo acad\u00e9mico y lo l\u00fadico.<\/p>\n\n\n\n<figure class=\"wp-block-image size-large\"><img loading=\"lazy\" decoding=\"async\" width=\"1024\" height=\"768\" src=\"https:\/\/periodiconuevomilenio.com\/wp-content\/uploads\/2023\/06\/353383061_573081171676733_7323877609201683533_n-1024x768.jpg\" alt=\"\" class=\"wp-image-4271\" srcset=\"https:\/\/periodiconuevomilenio.com\/wp-content\/uploads\/2023\/06\/353383061_573081171676733_7323877609201683533_n-1024x768.jpg 1024w, https:\/\/periodiconuevomilenio.com\/wp-content\/uploads\/2023\/06\/353383061_573081171676733_7323877609201683533_n-300x225.jpg 300w, https:\/\/periodiconuevomilenio.com\/wp-content\/uploads\/2023\/06\/353383061_573081171676733_7323877609201683533_n-768x576.jpg 768w, https:\/\/periodiconuevomilenio.com\/wp-content\/uploads\/2023\/06\/353383061_573081171676733_7323877609201683533_n-1536x1152.jpg 1536w, https:\/\/periodiconuevomilenio.com\/wp-content\/uploads\/2023\/06\/353383061_573081171676733_7323877609201683533_n.jpg 1600w\" sizes=\"auto, (max-width: 1024px) 100vw, 1024px\" \/><\/figure>\n\n\n\n<figure class=\"wp-block-gallery has-nested-images columns-default is-cropped wp-block-gallery-1 is-layout-flex wp-block-gallery-is-layout-flex\">\n<figure class=\"wp-block-image size-large\"><img loading=\"lazy\" decoding=\"async\" width=\"1024\" height=\"768\" data-id=\"4269\" src=\"https:\/\/periodiconuevomilenio.com\/wp-content\/uploads\/2023\/06\/352408980_573076418343875_7723482660019880482_n-1024x768.jpg\" alt=\"\" class=\"wp-image-4269\" srcset=\"https:\/\/periodiconuevomilenio.com\/wp-content\/uploads\/2023\/06\/352408980_573076418343875_7723482660019880482_n-1024x768.jpg 1024w, https:\/\/periodiconuevomilenio.com\/wp-content\/uploads\/2023\/06\/352408980_573076418343875_7723482660019880482_n-300x225.jpg 300w, https:\/\/periodiconuevomilenio.com\/wp-content\/uploads\/2023\/06\/352408980_573076418343875_7723482660019880482_n-768x576.jpg 768w, https:\/\/periodiconuevomilenio.com\/wp-content\/uploads\/2023\/06\/352408980_573076418343875_7723482660019880482_n-1536x1152.jpg 1536w, https:\/\/periodiconuevomilenio.com\/wp-content\/uploads\/2023\/06\/352408980_573076418343875_7723482660019880482_n.jpg 1600w\" sizes=\"auto, (max-width: 1024px) 100vw, 1024px\" \/><\/figure>\n\n\n\n<figure class=\"wp-block-image size-large\"><img loading=\"lazy\" decoding=\"async\" width=\"1024\" height=\"768\" data-id=\"4270\" src=\"https:\/\/periodiconuevomilenio.com\/wp-content\/uploads\/2023\/06\/352536598_573076448343872_7809919899031411439_n-1024x768.jpg\" alt=\"\" class=\"wp-image-4270\" srcset=\"https:\/\/periodiconuevomilenio.com\/wp-content\/uploads\/2023\/06\/352536598_573076448343872_7809919899031411439_n-1024x768.jpg 1024w, https:\/\/periodiconuevomilenio.com\/wp-content\/uploads\/2023\/06\/352536598_573076448343872_7809919899031411439_n-300x225.jpg 300w, https:\/\/periodiconuevomilenio.com\/wp-content\/uploads\/2023\/06\/352536598_573076448343872_7809919899031411439_n-768x576.jpg 768w, https:\/\/periodiconuevomilenio.com\/wp-content\/uploads\/2023\/06\/352536598_573076448343872_7809919899031411439_n-1536x1152.jpg 1536w, https:\/\/periodiconuevomilenio.com\/wp-content\/uploads\/2023\/06\/352536598_573076448343872_7809919899031411439_n.jpg 1600w\" sizes=\"auto, (max-width: 1024px) 100vw, 1024px\" \/><\/figure>\n<\/figure>\n\n\n\n<figure class=\"wp-block-gallery has-nested-images columns-default is-cropped wp-block-gallery-2 is-layout-flex wp-block-gallery-is-layout-flex\"><\/figure>\n","protected":false},"excerpt":{"rendered":"<p>Jaral del Progreso, Gto.- En las instalaciones del plantel educativo de la primaria Gregorio Torres Quintero, se realiz\u00f3<\/p>\n","protected":false},"author":1,"featured_media":4269,"comment_status":"open","ping_status":"open","sticky":false,"template":"","format":"standard","meta":{"jetpack_post_was_ever_published":false,"_jetpack_newsletter_access":"","_jetpack_dont_email_post_to_subs":false,"_jetpack_newsletter_tier_id":0,"_jetpack_memberships_contains_paywalled_content":false,"_jetpack_memberships_contains_paid_content":false,"footnotes":"","jetpack_publicize_message":"","jetpack_publicize_feature_enabled":false,"jetpack_social_post_already_shared":false,"jetpack_social_options":{"image_generator_settings":{"template":"highway","enabled":false},"version":2}},"categories":[34],"tags":[23],"class_list":["post-4268","post","type-post","status-publish","format-standard","has-post-thumbnail","hentry","category-jaral-del-progreso","tag-jaral"],"jetpack_publicize_connections":[],"jetpack_sharing_enabled":true,"jetpack_featured_media_url":"https:\/\/periodiconuevomilenio.com\/wp-content\/uploads\/2023\/06\/352408980_573076418343875_7723482660019880482_n.jpg","_links":{"self":[{"href":"https:\/\/periodiconuevomilenio.com\/index.php\/wp-json\/wp\/v2\/posts\/4268","targetHints":{"allow":["GET"]}}],"collection":[{"href":"https:\/\/periodiconuevomilenio.com\/index.php\/wp-json\/wp\/v2\/posts"}],"about":[{"href":"https:\/\/periodiconuevomilenio.com\/index.php\/wp-json\/wp\/v2\/types\/post"}],"author":[{"embeddable":true,"href":"https:\/\/periodiconuevomilenio.com\/index.php\/wp-json\/wp\/v2\/users\/1"}],"replies":[{"embeddable":true,"href":"https:\/\/periodiconuevomilenio.com\/index.php\/wp-json\/wp\/v2\/comments?post=4268"}],"version-history":[{"count":2,"href":"https:\/\/periodiconuevomilenio.com\/index.php\/wp-json\/wp\/v2\/posts\/4268\/revisions"}],"predecessor-version":[{"id":4273,"href":"https:\/\/periodiconuevomilenio.com\/index.php\/wp-json\/wp\/v2\/posts\/4268\/revisions\/4273"}],"wp:featuredmedia":[{"embeddable":true,"href":"https:\/\/periodiconuevomilenio.com\/index.php\/wp-json\/wp\/v2\/media\/4269"}],"wp:attachment":[{"href":"https:\/\/periodiconuevomilenio.com\/index.php\/wp-json\/wp\/v2\/media?parent=4268"}],"wp:term":[{"taxonomy":"category","embeddable":true,"href":"https:\/\/periodiconuevomilenio.com\/index.php\/wp-json\/wp\/v2\/categories?post=4268"},{"taxonomy":"post_tag","embeddable":true,"href":"https:\/\/periodiconuevomilenio.com\/index.php\/wp-json\/wp\/v2\/tags?post=4268"}],"curies":[{"name":"wp","href":"https:\/\/api.w.org\/{rel}","templated":true}]}}