{"id":4293,"date":"2023-06-09T16:00:21","date_gmt":"2023-06-09T22:00:21","guid":{"rendered":"https:\/\/periodiconuevomilenio.com\/?p=4293"},"modified":"2023-06-09T16:00:22","modified_gmt":"2023-06-09T22:00:22","slug":"fueron-hasta-sinaloa-por-el","status":"publish","type":"post","link":"https:\/\/periodiconuevomilenio.com\/index.php\/2023\/06\/09\/fueron-hasta-sinaloa-por-el\/","title":{"rendered":"Fueron Hasta Sinaloa Por \u00c9l"},"content":{"rendered":"\n<p>\u00a0Mato a un hombre en Valle por \u00a0que le robo una dosis de droga.<\/p>\n\n\n\n<p>VALLE DE SANTIAGO,GTO.- El 06 de marzo del a\u00f1o 2022, entre las 02:30 y las 03:00 horas, la v\u00edctima J. Merced \u201cN\u201d, se encontraba ingiriendo bebidas alcoh\u00f3licas con el presunto homicida, en el interior de un inmueble ubicado en calle Avenida del Pozo en la Comunidad El Jaguey, en Valle de Santiago.<\/p>\n\n\n\n<p>En determinado momento de la convivencia, el inculpado tom\u00f3 unos bloques para la construcci\u00f3n y comenz\u00f3 a golpear a J. Merced \u201cN\u201d en el rostro y la cabeza hasta que le quit\u00f3 la vida en ese lugar, lo anterior debido a que supuestamente el hoy occiso le hab\u00eda agarrado una dosis de droga.<\/p>\n\n\n\n<p>&nbsp;El cuerpo pericial lleg\u00f3 al lugar del crimen y recab\u00f3 diversos indicios que coadyuvaron para esclarecer la mec\u00e1nica de los hechos e identificar al presunto homicida, quien, luego de ser rastreado permanentemente con trabajo de inteligencia, fue ubicado en el Estado de Sinaloa, hasta donde se traslad\u00f3 una c\u00e9lula ministerial para traerlo de regreso a comparecer por los hechos que se le acusan.<\/p>\n\n\n\n<p>Sin oponerse a ser detenido, Jes\u00fas Antonio \u201cN\u201d fue interceptado por elementos de la Agencia de Investigaci\u00f3n Criminal de Guanajuato, en la Carretera Culiac\u00e1n &#8211; Navolato De la Sindicatura de Aguaruto de la ciudad de Culiac\u00e1n.<\/p>\n\n\n\n<p>&nbsp;Una vez en tierras Guanajuatenses, el inculpado fue llevado ante un tribunal de justicia donde el Juez determin\u00f3 que deb\u00eda ser vinculado a proceso penal por su presunta responsabilidad en el homicidio de J. Merced \u201cN\u201d, quien muri\u00f3 a causa del traumatismo craneoencef\u00e1lico que le provoc\u00f3 el imputado.<\/p>\n","protected":false},"excerpt":{"rendered":"<p>\u00a0Mato a un hombre en Valle por \u00a0que le robo una dosis de droga. VALLE DE SANTIAGO,GTO.- El<\/p>\n","protected":false},"author":1,"featured_media":4294,"comment_status":"open","ping_status":"open","sticky":false,"template":"","format":"standard","meta":{"jetpack_post_was_ever_published":false,"_jetpack_newsletter_access":"","_jetpack_dont_email_post_to_subs":false,"_jetpack_newsletter_tier_id":0,"_jetpack_memberships_contains_paywalled_content":false,"_jetpack_memberships_contains_paid_content":false,"footnotes":"","jetpack_publicize_message":"","jetpack_publicize_feature_enabled":false,"jetpack_social_post_already_shared":false,"jetpack_social_options":{"image_generator_settings":{"template":"highway","enabled":false},"version":2}},"categories":[48,39],"tags":[22],"class_list":["post-4293","post","type-post","status-publish","format-standard","has-post-thumbnail","hentry","category-policiaca","category-valle-de-santiago","tag-valle"],"jetpack_publicize_connections":[],"jetpack_sharing_enabled":true,"jetpack_featured_media_url":"https:\/\/periodiconuevomilenio.com\/wp-content\/uploads\/2023\/06\/3216.jpg","_links":{"self":[{"href":"https:\/\/periodiconuevomilenio.com\/index.php\/wp-json\/wp\/v2\/posts\/4293","targetHints":{"allow":["GET"]}}],"collection":[{"href":"https:\/\/periodiconuevomilenio.com\/index.php\/wp-json\/wp\/v2\/posts"}],"about":[{"href":"https:\/\/periodiconuevomilenio.com\/index.php\/wp-json\/wp\/v2\/types\/post"}],"author":[{"embeddable":true,"href":"https:\/\/periodiconuevomilenio.com\/index.php\/wp-json\/wp\/v2\/users\/1"}],"replies":[{"embeddable":true,"href":"https:\/\/periodiconuevomilenio.com\/index.php\/wp-json\/wp\/v2\/comments?post=4293"}],"version-history":[{"count":1,"href":"https:\/\/periodiconuevomilenio.com\/index.php\/wp-json\/wp\/v2\/posts\/4293\/revisions"}],"predecessor-version":[{"id":4295,"href":"https:\/\/periodiconuevomilenio.com\/index.php\/wp-json\/wp\/v2\/posts\/4293\/revisions\/4295"}],"wp:featuredmedia":[{"embeddable":true,"href":"https:\/\/periodiconuevomilenio.com\/index.php\/wp-json\/wp\/v2\/media\/4294"}],"wp:attachment":[{"href":"https:\/\/periodiconuevomilenio.com\/index.php\/wp-json\/wp\/v2\/media?parent=4293"}],"wp:term":[{"taxonomy":"category","embeddable":true,"href":"https:\/\/periodiconuevomilenio.com\/index.php\/wp-json\/wp\/v2\/categories?post=4293"},{"taxonomy":"post_tag","embeddable":true,"href":"https:\/\/periodiconuevomilenio.com\/index.php\/wp-json\/wp\/v2\/tags?post=4293"}],"curies":[{"name":"wp","href":"https:\/\/api.w.org\/{rel}","templated":true}]}}