{"id":4297,"date":"2023-06-09T16:05:52","date_gmt":"2023-06-09T22:05:52","guid":{"rendered":"https:\/\/periodiconuevomilenio.com\/?p=4297"},"modified":"2023-06-09T16:05:53","modified_gmt":"2023-06-09T22:05:53","slug":"eleccion-de-nuevo-delegado-en-comunidad-de-santiago-capitiro","status":"publish","type":"post","link":"https:\/\/periodiconuevomilenio.com\/index.php\/2023\/06\/09\/eleccion-de-nuevo-delegado-en-comunidad-de-santiago-capitiro\/","title":{"rendered":"ELECCI\u00d3N DE NUEVO DELEGADO EN COMUNIDAD DE SANTIAGO CAPITIRO"},"content":{"rendered":"\n<p>Este domingo 11 de junio, invitamos a la poblaci\u00f3n de la comunidad de Santiago Capitiro, a que asista a partir de las 9:00 de la ma\u00f1ana a 4:00 de la tarde a la plazuela de la comunidad, en donde se realizar\u00e1 una consulta ciudadana para la elecci\u00f3n del nuevo delegado o delegada de la localidad.<\/p>\n\n\n\n<p>Como requisito deben de presentar las personas su credencial de elector para acreditar que radican y tienen su domicilio en la comunidad de Santiago Capitiro.<\/p>\n\n\n\n<p>Recuerda que es importante la participaci\u00f3n ciudadana en la consulta y elecci\u00f3n de la persona que fungir\u00e1 como delegado o delegada.<\/p>\n","protected":false},"excerpt":{"rendered":"<p>Este domingo 11 de junio, invitamos a la poblaci\u00f3n de la comunidad de Santiago Capitiro, a que asista<\/p>\n","protected":false},"author":1,"featured_media":4298,"comment_status":"open","ping_status":"open","sticky":false,"template":"","format":"standard","meta":{"jetpack_post_was_ever_published":false,"_jetpack_newsletter_access":"","_jetpack_dont_email_post_to_subs":false,"_jetpack_newsletter_tier_id":0,"_jetpack_memberships_contains_paywalled_content":false,"_jetpack_memberships_contains_paid_content":false,"footnotes":"","jetpack_publicize_message":"","jetpack_publicize_feature_enabled":false,"jetpack_social_post_already_shared":false,"jetpack_social_options":{"image_generator_settings":{"template":"highway","enabled":false},"version":2}},"categories":[34],"tags":[23],"class_list":["post-4297","post","type-post","status-publish","format-standard","has-post-thumbnail","hentry","category-jaral-del-progreso","tag-jaral"],"jetpack_publicize_connections":[],"jetpack_sharing_enabled":true,"jetpack_featured_media_url":"https:\/\/periodiconuevomilenio.com\/wp-content\/uploads\/2023\/06\/352685877_573104261674424_6016891941352568486_n.jpg","_links":{"self":[{"href":"https:\/\/periodiconuevomilenio.com\/index.php\/wp-json\/wp\/v2\/posts\/4297","targetHints":{"allow":["GET"]}}],"collection":[{"href":"https:\/\/periodiconuevomilenio.com\/index.php\/wp-json\/wp\/v2\/posts"}],"about":[{"href":"https:\/\/periodiconuevomilenio.com\/index.php\/wp-json\/wp\/v2\/types\/post"}],"author":[{"embeddable":true,"href":"https:\/\/periodiconuevomilenio.com\/index.php\/wp-json\/wp\/v2\/users\/1"}],"replies":[{"embeddable":true,"href":"https:\/\/periodiconuevomilenio.com\/index.php\/wp-json\/wp\/v2\/comments?post=4297"}],"version-history":[{"count":1,"href":"https:\/\/periodiconuevomilenio.com\/index.php\/wp-json\/wp\/v2\/posts\/4297\/revisions"}],"predecessor-version":[{"id":4299,"href":"https:\/\/periodiconuevomilenio.com\/index.php\/wp-json\/wp\/v2\/posts\/4297\/revisions\/4299"}],"wp:featuredmedia":[{"embeddable":true,"href":"https:\/\/periodiconuevomilenio.com\/index.php\/wp-json\/wp\/v2\/media\/4298"}],"wp:attachment":[{"href":"https:\/\/periodiconuevomilenio.com\/index.php\/wp-json\/wp\/v2\/media?parent=4297"}],"wp:term":[{"taxonomy":"category","embeddable":true,"href":"https:\/\/periodiconuevomilenio.com\/index.php\/wp-json\/wp\/v2\/categories?post=4297"},{"taxonomy":"post_tag","embeddable":true,"href":"https:\/\/periodiconuevomilenio.com\/index.php\/wp-json\/wp\/v2\/tags?post=4297"}],"curies":[{"name":"wp","href":"https:\/\/api.w.org\/{rel}","templated":true}]}}