{"id":4301,"date":"2023-06-09T16:10:18","date_gmt":"2023-06-09T22:10:18","guid":{"rendered":"https:\/\/periodiconuevomilenio.com\/?p=4301"},"modified":"2023-06-09T16:10:20","modified_gmt":"2023-06-09T22:10:20","slug":"personas-beneficiadas-de-taller-de-capacitacion-del-programa-mi-familia-productiva-y-sustentable-de-el-tecolote-elaboran-dulces-garapinados","status":"publish","type":"post","link":"https:\/\/periodiconuevomilenio.com\/index.php\/2023\/06\/09\/personas-beneficiadas-de-taller-de-capacitacion-del-programa-mi-familia-productiva-y-sustentable-de-el-tecolote-elaboran-dulces-garapinados\/","title":{"rendered":"PERSONAS BENEFICIADAS DE TALLER DE CAPACITACI\u00d3N DEL PROGRAMA \u201cMI FAMILIA PRODUCTIVA Y SUSTENTABLE\u201d DE EL TECOLOTE ELABORAN DULCES GARAPI\u00d1ADOS"},"content":{"rendered":"\n<p>El Tecolote, Jaral del Progreso, Gto.- Gracias al apoyo brindado por parte del presidente municipal Pepe Gonz\u00e1lez Ojeda y del titular de la Secretar\u00eda de Desarrollo Agroalimentario y Rural (SDAYR) Paulo Ba\u00f1uelos Rosales, un grupo de personas que forman parte del programa \u201cMi familia productiva y sustentable\u201d en la comunidad de El Tecolote pusieron en pr\u00e1ctica los conocimientos adquiridos en los talleres de capacitaci\u00f3n mediante la elaboraci\u00f3n de cacahuates garapi\u00f1ados.<\/p>\n\n\n\n<p>\u201cContinuamos brindando estas capacitaciones a las personas que son beneficiadas por medio de este programa, vi\u00e9ndose reflejado en que ampliaron sus conocimientos en el desarrollo de diversos productos, como en este caso los cacahuates garapi\u00f1ados, aprovechando la materia prima que existe en la comunidad\u201d, declar\u00f3 el director de Desarrollo Rural Daniel Rico Bueno.<\/p>\n\n\n\n<p>Por medio de estas acciones, con apoyo del gobierno estatal a trav\u00e9s del gobernador Diego Sinhue Rodr\u00edguez Vallejo, del secretario de Desarrollo Agroalimentario y Rural (SDAYR) Paulo Ba\u00f1uelos Rosales y del presidente municipal Pepe Gonz\u00e1lez Ojeda se logra mejorar con acciones el panorama de la calidad de vida de cada una de las familias que integran y forman parte de este programa.<\/p>\n\n\n\n<figure class=\"wp-block-gallery has-nested-images columns-default is-cropped wp-block-gallery-1 is-layout-flex wp-block-gallery-is-layout-flex\">\n<figure class=\"wp-block-image size-large\"><img loading=\"lazy\" decoding=\"async\" width=\"768\" height=\"1024\" data-id=\"4303\" src=\"https:\/\/periodiconuevomilenio.com\/wp-content\/uploads\/2023\/06\/351124360_277910031432185_1259231372607515209_n-768x1024.jpg\" alt=\"\" class=\"wp-image-4303\" srcset=\"https:\/\/periodiconuevomilenio.com\/wp-content\/uploads\/2023\/06\/351124360_277910031432185_1259231372607515209_n-768x1024.jpg 768w, https:\/\/periodiconuevomilenio.com\/wp-content\/uploads\/2023\/06\/351124360_277910031432185_1259231372607515209_n-225x300.jpg 225w, https:\/\/periodiconuevomilenio.com\/wp-content\/uploads\/2023\/06\/351124360_277910031432185_1259231372607515209_n-1152x1536.jpg 1152w, https:\/\/periodiconuevomilenio.com\/wp-content\/uploads\/2023\/06\/351124360_277910031432185_1259231372607515209_n-1024x1365.jpg 1024w, https:\/\/periodiconuevomilenio.com\/wp-content\/uploads\/2023\/06\/351124360_277910031432185_1259231372607515209_n.jpg 1200w\" sizes=\"auto, (max-width: 768px) 100vw, 768px\" \/><\/figure>\n\n\n\n<figure class=\"wp-block-image size-large\"><img loading=\"lazy\" decoding=\"async\" width=\"768\" height=\"1024\" data-id=\"4304\" src=\"https:\/\/periodiconuevomilenio.com\/wp-content\/uploads\/2023\/06\/352564371_277910051432183_5949293043418593506_n-768x1024.jpg\" alt=\"\" class=\"wp-image-4304\" srcset=\"https:\/\/periodiconuevomilenio.com\/wp-content\/uploads\/2023\/06\/352564371_277910051432183_5949293043418593506_n-768x1024.jpg 768w, https:\/\/periodiconuevomilenio.com\/wp-content\/uploads\/2023\/06\/352564371_277910051432183_5949293043418593506_n-225x300.jpg 225w, https:\/\/periodiconuevomilenio.com\/wp-content\/uploads\/2023\/06\/352564371_277910051432183_5949293043418593506_n-1152x1536.jpg 1152w, https:\/\/periodiconuevomilenio.com\/wp-content\/uploads\/2023\/06\/352564371_277910051432183_5949293043418593506_n-1024x1365.jpg 1024w, https:\/\/periodiconuevomilenio.com\/wp-content\/uploads\/2023\/06\/352564371_277910051432183_5949293043418593506_n.jpg 1200w\" sizes=\"auto, (max-width: 768px) 100vw, 768px\" \/><\/figure>\n\n\n\n<figure class=\"wp-block-image size-large\"><img loading=\"lazy\" decoding=\"async\" width=\"768\" height=\"1024\" data-id=\"4302\" src=\"https:\/\/periodiconuevomilenio.com\/wp-content\/uploads\/2023\/06\/352821665_277910021432186_2274905566867186480_n-768x1024.jpg\" alt=\"\" class=\"wp-image-4302\" srcset=\"https:\/\/periodiconuevomilenio.com\/wp-content\/uploads\/2023\/06\/352821665_277910021432186_2274905566867186480_n-768x1024.jpg 768w, https:\/\/periodiconuevomilenio.com\/wp-content\/uploads\/2023\/06\/352821665_277910021432186_2274905566867186480_n-225x300.jpg 225w, https:\/\/periodiconuevomilenio.com\/wp-content\/uploads\/2023\/06\/352821665_277910021432186_2274905566867186480_n.jpg 780w\" sizes=\"auto, (max-width: 768px) 100vw, 768px\" \/><\/figure>\n<\/figure>\n\n\n\n<figure class=\"wp-block-gallery has-nested-images columns-default is-cropped wp-block-gallery-2 is-layout-flex wp-block-gallery-is-layout-flex\"><\/figure>\n","protected":false},"excerpt":{"rendered":"<p>El Tecolote, Jaral del Progreso, Gto.- Gracias al apoyo brindado por parte del presidente municipal Pepe Gonz\u00e1lez Ojeda<\/p>\n","protected":false},"author":1,"featured_media":4304,"comment_status":"open","ping_status":"open","sticky":false,"template":"","format":"standard","meta":{"jetpack_post_was_ever_published":false,"_jetpack_newsletter_access":"","_jetpack_dont_email_post_to_subs":false,"_jetpack_newsletter_tier_id":0,"_jetpack_memberships_contains_paywalled_content":false,"_jetpack_memberships_contains_paid_content":false,"footnotes":"","jetpack_publicize_message":"","jetpack_publicize_feature_enabled":false,"jetpack_social_post_already_shared":false,"jetpack_social_options":{"image_generator_settings":{"template":"highway","enabled":false},"version":2}},"categories":[34],"tags":[23],"class_list":["post-4301","post","type-post","status-publish","format-standard","has-post-thumbnail","hentry","category-jaral-del-progreso","tag-jaral"],"jetpack_publicize_connections":[],"jetpack_sharing_enabled":true,"jetpack_featured_media_url":"https:\/\/periodiconuevomilenio.com\/wp-content\/uploads\/2023\/06\/352564371_277910051432183_5949293043418593506_n.jpg","_links":{"self":[{"href":"https:\/\/periodiconuevomilenio.com\/index.php\/wp-json\/wp\/v2\/posts\/4301","targetHints":{"allow":["GET"]}}],"collection":[{"href":"https:\/\/periodiconuevomilenio.com\/index.php\/wp-json\/wp\/v2\/posts"}],"about":[{"href":"https:\/\/periodiconuevomilenio.com\/index.php\/wp-json\/wp\/v2\/types\/post"}],"author":[{"embeddable":true,"href":"https:\/\/periodiconuevomilenio.com\/index.php\/wp-json\/wp\/v2\/users\/1"}],"replies":[{"embeddable":true,"href":"https:\/\/periodiconuevomilenio.com\/index.php\/wp-json\/wp\/v2\/comments?post=4301"}],"version-history":[{"count":1,"href":"https:\/\/periodiconuevomilenio.com\/index.php\/wp-json\/wp\/v2\/posts\/4301\/revisions"}],"predecessor-version":[{"id":4305,"href":"https:\/\/periodiconuevomilenio.com\/index.php\/wp-json\/wp\/v2\/posts\/4301\/revisions\/4305"}],"wp:featuredmedia":[{"embeddable":true,"href":"https:\/\/periodiconuevomilenio.com\/index.php\/wp-json\/wp\/v2\/media\/4304"}],"wp:attachment":[{"href":"https:\/\/periodiconuevomilenio.com\/index.php\/wp-json\/wp\/v2\/media?parent=4301"}],"wp:term":[{"taxonomy":"category","embeddable":true,"href":"https:\/\/periodiconuevomilenio.com\/index.php\/wp-json\/wp\/v2\/categories?post=4301"},{"taxonomy":"post_tag","embeddable":true,"href":"https:\/\/periodiconuevomilenio.com\/index.php\/wp-json\/wp\/v2\/tags?post=4301"}],"curies":[{"name":"wp","href":"https:\/\/api.w.org\/{rel}","templated":true}]}}