{"id":4384,"date":"2023-06-12T23:51:59","date_gmt":"2023-06-13T05:51:59","guid":{"rendered":"https:\/\/periodiconuevomilenio.com\/?p=4384"},"modified":"2023-06-12T23:52:01","modified_gmt":"2023-06-13T05:52:01","slug":"ya-se-han-rescatado-5-cuerpos-del-accidente","status":"publish","type":"post","link":"https:\/\/periodiconuevomilenio.com\/index.php\/2023\/06\/12\/ya-se-han-rescatado-5-cuerpos-del-accidente\/","title":{"rendered":"Ya se han rescatado 5 cuerpos del accidente."},"content":{"rendered":"\n<p>Hoy localizaron&nbsp; a&nbsp; un menor&nbsp; de 14 a\u00f1os y falta por encontrar a uno m\u00e1s.<\/p>\n\n\n\n<p>JARAL DEL PROGRESO, GTO.- De las 6 personas que perdieron la vida en \u00e9l accident\u00e9 de la noche del s\u00e1bado en el canal de Lomo de Toro, ya han sido recuperados 5 cuerpos, solo resta uno, este d\u00eda tras intensa b\u00fasqueda de los cuerpos de rescate fue localizado el cuerpo de un menor en el canal a la altura de la comunidad de Santiago Capitiro.<\/p>\n\n\n\n<p>Es de recordar que miembros de una familia y amigos regresaban de la Angostura despu\u00e9s de haber pasado una tarde de convivir y lamentablemente el chofer de la unidad perdi\u00f3 el control y cay\u00f3 al canal, en \u00e9l vehicul\u00f3 viajaban 9 personas entre menores de edad y adultos, el mismo d\u00eda del accidente tres personas lograron salir con vida, otros tres cuerpos fueron rescatados y en el trascurso de tres d\u00edas han sido recuperados dos cuerpos m\u00e1s.<\/p>\n\n\n\n<p>Durante la ma\u00f1ana el presidente de&nbsp; Jaral, Jos\u00e9 Gonz\u00e1lez&nbsp; Ojeda, y el de Salvatierra,&nbsp; Germ\u00e1n Cervantes, en el mismo lugar del accidente dieron una conferencia de prensa,&nbsp; destacaron el apoyo y solidaridad para las familias de quienes perdieron la vida en el accidente y no descansaran hasta rescatar los cuerpos.<\/p>\n\n\n\n<p>La coordinaci\u00f3n Protecci\u00f3n Civil del estado trabaja de manera coordinada con elementos de PC y bomberos&nbsp; de Valle de Santiago, &nbsp;Celaya, Cort\u00e1zar, Jaral,&nbsp; Salvatierra, Acambaro,&nbsp; Yuriria, entre otros. Quienes realizan un barrido por los canales de la zona en b\u00fasqueda del \u00faltimo cuerpo que resta por localizar, al parecer se trata de un masculino de aproximadamente 35 a\u00f1os y este d\u00eda fueron localizado el adolescente de 14 a\u00f1os en el canal de Coria, a la altura de Santiago Capitiro.<\/p>\n\n\n\n<figure class=\"wp-block-gallery has-nested-images columns-default is-cropped wp-block-gallery-1 is-layout-flex wp-block-gallery-is-layout-flex\">\n<figure class=\"wp-block-image size-large\"><img loading=\"lazy\" decoding=\"async\" width=\"768\" height=\"531\" data-id=\"4385\" src=\"https:\/\/periodiconuevomilenio.com\/wp-content\/uploads\/2023\/06\/f17328e0-c72f-4a59-a875-8d199ab0b18f.jpg\" alt=\"\" class=\"wp-image-4385\" srcset=\"https:\/\/periodiconuevomilenio.com\/wp-content\/uploads\/2023\/06\/f17328e0-c72f-4a59-a875-8d199ab0b18f.jpg 768w, https:\/\/periodiconuevomilenio.com\/wp-content\/uploads\/2023\/06\/f17328e0-c72f-4a59-a875-8d199ab0b18f-300x207.jpg 300w\" sizes=\"auto, (max-width: 768px) 100vw, 768px\" \/><\/figure>\n\n\n\n<figure class=\"wp-block-image size-large\"><img loading=\"lazy\" decoding=\"async\" width=\"1024\" height=\"662\" data-id=\"4387\" src=\"https:\/\/periodiconuevomilenio.com\/wp-content\/uploads\/2023\/06\/347565391_629958322494299_7250461763922072119_n-1024x662.jpg\" alt=\"\" class=\"wp-image-4387\" srcset=\"https:\/\/periodiconuevomilenio.com\/wp-content\/uploads\/2023\/06\/347565391_629958322494299_7250461763922072119_n-1024x662.jpg 1024w, https:\/\/periodiconuevomilenio.com\/wp-content\/uploads\/2023\/06\/347565391_629958322494299_7250461763922072119_n-300x194.jpg 300w, https:\/\/periodiconuevomilenio.com\/wp-content\/uploads\/2023\/06\/347565391_629958322494299_7250461763922072119_n-768x497.jpg 768w, https:\/\/periodiconuevomilenio.com\/wp-content\/uploads\/2023\/06\/347565391_629958322494299_7250461763922072119_n.jpg 1534w\" sizes=\"auto, (max-width: 1024px) 100vw, 1024px\" \/><\/figure>\n\n\n\n<figure class=\"wp-block-image size-large\"><img loading=\"lazy\" decoding=\"async\" width=\"1024\" height=\"575\" data-id=\"4386\" src=\"https:\/\/periodiconuevomilenio.com\/wp-content\/uploads\/2023\/06\/screenshot_2023-06-12-23-35-39-109_com.facebook.katana-1024x575.jpg\" alt=\"\" class=\"wp-image-4386\" srcset=\"https:\/\/periodiconuevomilenio.com\/wp-content\/uploads\/2023\/06\/screenshot_2023-06-12-23-35-39-109_com.facebook.katana-1024x575.jpg 1024w, https:\/\/periodiconuevomilenio.com\/wp-content\/uploads\/2023\/06\/screenshot_2023-06-12-23-35-39-109_com.facebook.katana-300x169.jpg 300w, https:\/\/periodiconuevomilenio.com\/wp-content\/uploads\/2023\/06\/screenshot_2023-06-12-23-35-39-109_com.facebook.katana-768x432.jpg 768w, https:\/\/periodiconuevomilenio.com\/wp-content\/uploads\/2023\/06\/screenshot_2023-06-12-23-35-39-109_com.facebook.katana-1536x863.jpg 1536w, https:\/\/periodiconuevomilenio.com\/wp-content\/uploads\/2023\/06\/screenshot_2023-06-12-23-35-39-109_com.facebook.katana-1280x720.jpg 1280w, https:\/\/periodiconuevomilenio.com\/wp-content\/uploads\/2023\/06\/screenshot_2023-06-12-23-35-39-109_com.facebook.katana.jpg 1922w\" sizes=\"auto, (max-width: 1024px) 100vw, 1024px\" \/><\/figure>\n<\/figure>\n\n\n\n<figure class=\"wp-block-gallery has-nested-images columns-default is-cropped wp-block-gallery-2 is-layout-flex wp-block-gallery-is-layout-flex\"><\/figure>\n","protected":false},"excerpt":{"rendered":"<p>Hoy localizaron&nbsp; a&nbsp; un menor&nbsp; de 14 a\u00f1os y falta por encontrar a uno m\u00e1s. JARAL DEL PROGRESO,<\/p>\n","protected":false},"author":1,"featured_media":4385,"comment_status":"open","ping_status":"open","sticky":false,"template":"","format":"standard","meta":{"jetpack_post_was_ever_published":false,"_jetpack_newsletter_access":"","_jetpack_dont_email_post_to_subs":false,"_jetpack_newsletter_tier_id":0,"_jetpack_memberships_contains_paywalled_content":false,"_jetpack_memberships_contains_paid_content":false,"footnotes":"","jetpack_publicize_message":"","jetpack_publicize_feature_enabled":false,"jetpack_social_post_already_shared":false,"jetpack_social_options":{"image_generator_settings":{"template":"highway","enabled":false},"version":2}},"categories":[34,48],"tags":[23],"class_list":["post-4384","post","type-post","status-publish","format-standard","has-post-thumbnail","hentry","category-jaral-del-progreso","category-policiaca","tag-jaral"],"jetpack_publicize_connections":[],"jetpack_sharing_enabled":true,"jetpack_featured_media_url":"https:\/\/periodiconuevomilenio.com\/wp-content\/uploads\/2023\/06\/f17328e0-c72f-4a59-a875-8d199ab0b18f.jpg","_links":{"self":[{"href":"https:\/\/periodiconuevomilenio.com\/index.php\/wp-json\/wp\/v2\/posts\/4384","targetHints":{"allow":["GET"]}}],"collection":[{"href":"https:\/\/periodiconuevomilenio.com\/index.php\/wp-json\/wp\/v2\/posts"}],"about":[{"href":"https:\/\/periodiconuevomilenio.com\/index.php\/wp-json\/wp\/v2\/types\/post"}],"author":[{"embeddable":true,"href":"https:\/\/periodiconuevomilenio.com\/index.php\/wp-json\/wp\/v2\/users\/1"}],"replies":[{"embeddable":true,"href":"https:\/\/periodiconuevomilenio.com\/index.php\/wp-json\/wp\/v2\/comments?post=4384"}],"version-history":[{"count":1,"href":"https:\/\/periodiconuevomilenio.com\/index.php\/wp-json\/wp\/v2\/posts\/4384\/revisions"}],"predecessor-version":[{"id":4388,"href":"https:\/\/periodiconuevomilenio.com\/index.php\/wp-json\/wp\/v2\/posts\/4384\/revisions\/4388"}],"wp:featuredmedia":[{"embeddable":true,"href":"https:\/\/periodiconuevomilenio.com\/index.php\/wp-json\/wp\/v2\/media\/4385"}],"wp:attachment":[{"href":"https:\/\/periodiconuevomilenio.com\/index.php\/wp-json\/wp\/v2\/media?parent=4384"}],"wp:term":[{"taxonomy":"category","embeddable":true,"href":"https:\/\/periodiconuevomilenio.com\/index.php\/wp-json\/wp\/v2\/categories?post=4384"},{"taxonomy":"post_tag","embeddable":true,"href":"https:\/\/periodiconuevomilenio.com\/index.php\/wp-json\/wp\/v2\/tags?post=4384"}],"curies":[{"name":"wp","href":"https:\/\/api.w.org\/{rel}","templated":true}]}}