{"id":4412,"date":"2023-06-13T18:14:12","date_gmt":"2023-06-14T00:14:12","guid":{"rendered":"https:\/\/periodiconuevomilenio.com\/?p=4412"},"modified":"2023-06-13T18:14:13","modified_gmt":"2023-06-14T00:14:13","slug":"varios-kilometros-de-busqueda-y-nada","status":"publish","type":"post","link":"https:\/\/periodiconuevomilenio.com\/index.php\/2023\/06\/13\/varios-kilometros-de-busqueda-y-nada\/","title":{"rendered":"Varios Kil\u00f3metros de b\u00fasqueda y Nada."},"content":{"rendered":"\n<p>\u00a0A\u00fan no encuentran la sexta v\u00edctima del accidente del domingo<\/p>\n\n\n\n<p>JARAL DEL PROGRESO, GTO.- A m\u00e1s de 76 horas de intensa b\u00fasqueda, la sexta v\u00edctima del accidente registrado la noche&nbsp; del s\u00e1bado pasado&nbsp; en el canal \u201cLomo de Toro\u201d, a\u00fan no ha sido localizada.<\/p>\n\n\n\n<p>Buzos de distintos municipios y elementos de protecci\u00f3n civil del estado y varios municipios de la entidad no cesan en su b\u00fasqueda y hoy contin\u00faan con su ardua labor, se han peinado ya varios kil\u00f3metros en espera de localizar el \u00faltimo de los cuerpos que pertenece a un hombre de aproximadamente 35 a\u00f1os.<\/p>\n\n\n\n<p>Es de recordar que fue el s\u00e1bado, poco antes de las 10 de la noche, cuando un grupo de j\u00f3venes, adultos y menores de edad regresaban a bordo de una camioneta&nbsp; Ben despu\u00e9s de estar conviviendo en la Angostura, cuando sobrevino el accidente.<\/p>\n\n\n\n<p>&nbsp;En la unidad automotriz viajaban 9 persas de las cul\u00e9s, tres salieron con vida y avisaron a las autoridades, la misma noche rescataron tres cuerpos y tres permanec\u00edan desaparecidos durante el domingo y el lunes dos m\u00e1s fueron rescatados, faltando solamente uno que no ha sido posible su localizaci\u00f3n.<\/p>\n\n\n\n<p>&nbsp;Durante toda la ma\u00f1ana y parte de la tarde de este martes 13 de junio el alcalde Municipal&nbsp; Jos\u00e9 Gonz\u00e1lez Ojeda estuvo en el lugar de los hechos y al pendiente de cualquier novedad, por la noche del lunes acudi\u00f3 al domicilio de las v\u00edctimas a brindarles el p\u00e9same&nbsp; y la ayuda necesaria para la familia.<\/p>\n\n\n\n<p>Este martes comenzaron muy temprano las labores&nbsp; y se realiz\u00f3 el \u201cBarrido\u201d con elementos&nbsp; de la coordinaci\u00f3n estatal y municipal de protecci\u00f3n civil y bomberos, en lanchas, por las orillas&nbsp; del canal, se recorri\u00f3 a pie, en cuatrimotor,&nbsp; en camionetas llegando hasta el poblado de San Agust\u00edn comunidad que pertenece ya al municipio de Cortazar sin lograr los resultados esperados.<\/p>\n\n\n\n<p><\/p>\n\n\n\n<figure class=\"wp-block-gallery has-nested-images columns-default is-cropped wp-block-gallery-1 is-layout-flex wp-block-gallery-is-layout-flex\">\n<figure class=\"wp-block-image size-large\"><img loading=\"lazy\" decoding=\"async\" width=\"1024\" height=\"683\" data-id=\"4415\" src=\"https:\/\/periodiconuevomilenio.com\/wp-content\/uploads\/2023\/06\/img_0901-1024x683.jpg\" alt=\"\" class=\"wp-image-4415\" srcset=\"https:\/\/periodiconuevomilenio.com\/wp-content\/uploads\/2023\/06\/img_0901-1024x683.jpg 1024w, https:\/\/periodiconuevomilenio.com\/wp-content\/uploads\/2023\/06\/img_0901-300x200.jpg 300w, https:\/\/periodiconuevomilenio.com\/wp-content\/uploads\/2023\/06\/img_0901-768x512.jpg 768w, https:\/\/periodiconuevomilenio.com\/wp-content\/uploads\/2023\/06\/img_0901-1536x1024.jpg 1536w, https:\/\/periodiconuevomilenio.com\/wp-content\/uploads\/2023\/06\/img_0901-2048x1365.jpg 2048w\" sizes=\"auto, (max-width: 1024px) 100vw, 1024px\" \/><\/figure>\n\n\n\n<figure class=\"wp-block-image size-large\"><img loading=\"lazy\" decoding=\"async\" width=\"1024\" height=\"576\" data-id=\"4414\" src=\"https:\/\/periodiconuevomilenio.com\/wp-content\/uploads\/2023\/06\/fb_img_1686530678057-1024x576.jpg\" alt=\"\" class=\"wp-image-4414\" srcset=\"https:\/\/periodiconuevomilenio.com\/wp-content\/uploads\/2023\/06\/fb_img_1686530678057-1024x576.jpg 1024w, https:\/\/periodiconuevomilenio.com\/wp-content\/uploads\/2023\/06\/fb_img_1686530678057-300x169.jpg 300w, https:\/\/periodiconuevomilenio.com\/wp-content\/uploads\/2023\/06\/fb_img_1686530678057-768x432.jpg 768w, https:\/\/periodiconuevomilenio.com\/wp-content\/uploads\/2023\/06\/fb_img_1686530678057.jpg 1080w\" sizes=\"auto, (max-width: 1024px) 100vw, 1024px\" \/><\/figure>\n\n\n\n<figure class=\"wp-block-image size-large\"><img loading=\"lazy\" decoding=\"async\" width=\"768\" height=\"484\" data-id=\"4413\" src=\"https:\/\/periodiconuevomilenio.com\/wp-content\/uploads\/2023\/06\/e42610a6-fc59-418e-b904-a14752d778c4.jpg\" alt=\"\" class=\"wp-image-4413\" srcset=\"https:\/\/periodiconuevomilenio.com\/wp-content\/uploads\/2023\/06\/e42610a6-fc59-418e-b904-a14752d778c4.jpg 768w, https:\/\/periodiconuevomilenio.com\/wp-content\/uploads\/2023\/06\/e42610a6-fc59-418e-b904-a14752d778c4-300x189.jpg 300w\" sizes=\"auto, (max-width: 768px) 100vw, 768px\" \/><\/figure>\n<\/figure>\n","protected":false},"excerpt":{"rendered":"<p>\u00a0A\u00fan no encuentran la sexta v\u00edctima del accidente del domingo JARAL DEL PROGRESO, GTO.- A m\u00e1s de 76<\/p>\n","protected":false},"author":1,"featured_media":4415,"comment_status":"open","ping_status":"open","sticky":false,"template":"","format":"standard","meta":{"jetpack_post_was_ever_published":false,"_jetpack_newsletter_access":"","_jetpack_dont_email_post_to_subs":false,"_jetpack_newsletter_tier_id":0,"_jetpack_memberships_contains_paywalled_content":false,"_jetpack_memberships_contains_paid_content":false,"footnotes":"","jetpack_publicize_message":"","jetpack_publicize_feature_enabled":false,"jetpack_social_post_already_shared":false,"jetpack_social_options":{"image_generator_settings":{"template":"highway","enabled":false},"version":2}},"categories":[34],"tags":[23],"class_list":["post-4412","post","type-post","status-publish","format-standard","has-post-thumbnail","hentry","category-jaral-del-progreso","tag-jaral"],"jetpack_publicize_connections":[],"jetpack_sharing_enabled":true,"jetpack_featured_media_url":"https:\/\/periodiconuevomilenio.com\/wp-content\/uploads\/2023\/06\/img_0901-scaled.jpg","_links":{"self":[{"href":"https:\/\/periodiconuevomilenio.com\/index.php\/wp-json\/wp\/v2\/posts\/4412","targetHints":{"allow":["GET"]}}],"collection":[{"href":"https:\/\/periodiconuevomilenio.com\/index.php\/wp-json\/wp\/v2\/posts"}],"about":[{"href":"https:\/\/periodiconuevomilenio.com\/index.php\/wp-json\/wp\/v2\/types\/post"}],"author":[{"embeddable":true,"href":"https:\/\/periodiconuevomilenio.com\/index.php\/wp-json\/wp\/v2\/users\/1"}],"replies":[{"embeddable":true,"href":"https:\/\/periodiconuevomilenio.com\/index.php\/wp-json\/wp\/v2\/comments?post=4412"}],"version-history":[{"count":1,"href":"https:\/\/periodiconuevomilenio.com\/index.php\/wp-json\/wp\/v2\/posts\/4412\/revisions"}],"predecessor-version":[{"id":4416,"href":"https:\/\/periodiconuevomilenio.com\/index.php\/wp-json\/wp\/v2\/posts\/4412\/revisions\/4416"}],"wp:featuredmedia":[{"embeddable":true,"href":"https:\/\/periodiconuevomilenio.com\/index.php\/wp-json\/wp\/v2\/media\/4415"}],"wp:attachment":[{"href":"https:\/\/periodiconuevomilenio.com\/index.php\/wp-json\/wp\/v2\/media?parent=4412"}],"wp:term":[{"taxonomy":"category","embeddable":true,"href":"https:\/\/periodiconuevomilenio.com\/index.php\/wp-json\/wp\/v2\/categories?post=4412"},{"taxonomy":"post_tag","embeddable":true,"href":"https:\/\/periodiconuevomilenio.com\/index.php\/wp-json\/wp\/v2\/tags?post=4412"}],"curies":[{"name":"wp","href":"https:\/\/api.w.org\/{rel}","templated":true}]}}