{"id":4510,"date":"2023-06-14T23:08:07","date_gmt":"2023-06-15T05:08:07","guid":{"rendered":"https:\/\/periodiconuevomilenio.com\/?p=4510"},"modified":"2023-06-14T23:08:09","modified_gmt":"2023-06-15T05:08:09","slug":"termino-la-angustia","status":"publish","type":"post","link":"https:\/\/periodiconuevomilenio.com\/index.php\/2023\/06\/14\/termino-la-angustia\/","title":{"rendered":"Termino la\u00a0 Angustia."},"content":{"rendered":"\n<p>&nbsp;*El \u00faltimo cuerpo fue localizado<\/p>\n\n\n\n<p>JARAL.- Este mi\u00e9rcoles y tras 4 d\u00edas de intensa b\u00fasqueda, reportan que finalmente fue localizado el cuerpo de la sexta v\u00edctima del accidente del s\u00e1bado. Cuerpos de auxilio y rescate como son Bomberos y Protecci\u00f3n Civil del estado&nbsp; y municipios aleda\u00f1os participaron en la b\u00fasqueda.<\/p>\n\n\n\n<p>Es de recordar&nbsp;&nbsp; que fue el 10 de junio&nbsp; cuando un grupo de nueve personas viajaba bordo de una Ben y cayeron al canal \u201cLomo de Toro\u201d en los l\u00edmites entre Jaral y Salvatierra, 6 de ellas perdieron la vida.<\/p>\n\n\n\n<p>Fue poca antes del mediod\u00eda de este mi\u00e9rcoles 14 de junio cuando se dio la voz de alarma que cerca de la comunidad de Ojo Zarco&nbsp; se hab\u00eda localizado el cuerpo de la sexta persona que perdido la vida en el accidente y fue identificado como Mario, de aproximadamente 35 a\u00f1os de edad originario de la comunidad el capul\u00edn municipio de Salvatierra.<\/p>\n\n\n\n<p>Desde que se tom\u00f3 conocimiento del accidente hasta que se recuperaron todos los cuerpos, personal de Protecci\u00f3n Civil y Bomberos y de Seguridad P\u00fablica de Jaral del Progreso, en coordinaci\u00f3n con otros municipios como lo son Cortazar con su equipo de bomberos y rescate, Celaya con el equipo de buzos, adem\u00e1s de personal de Ac\u00e1mbaro y Yuriria, estuvieron&nbsp; presentes en el lugar.<\/p>\n\n\n\n<p>&nbsp;Desde temprana hora, el presidente municipal, Jos\u00e9 Gonz\u00e1lez Ojeda, y secretario del ayuntamiento, Rom\u00e1n Jasso Ferrel estuvieron&nbsp; al pendiente de c\u00f3mo se desarroll\u00f3 la b\u00fasqueda de las personas que cayeron al interior del canal la tarde noche de este s\u00e1bado.<\/p>\n\n\n\n<p>Las personas que tripulaban el veh\u00edculo, entre ellos familiares y amigos originarios de las comunidades de Santiago Capitiro, el Sabino y de Salvatierra, proven\u00edan de La Angostura, despu\u00e9s de celebrar el cumplea\u00f1os de uno de ellos y al momento de transitar por la zona conocida como Lomo de Toro, al cruzar el puente que conduce a la localidad de El Sabino, el conductor perdi\u00f3 el control de veh\u00edculo y cay\u00f3 al interior del cauce del canal.<\/p>\n\n\n\n<p>Pese al incidente, tres personas lograron salir del veh\u00edculo y acercarse a la orilla, pero seis m\u00e1s quedaron en el interior de la camioneta, de las cuales lograron rescatar el cuerpo de tres de ellos en el transcurso de la tarde-noche, mientras se trabaj\u00f3 en la b\u00fasqueda de los tres cuerpos restantes.<\/p>\n\n\n\n<figure class=\"wp-block-gallery has-nested-images columns-default is-cropped wp-block-gallery-1 is-layout-flex wp-block-gallery-is-layout-flex\"><\/figure>\n\n\n\n<figure class=\"wp-block-gallery has-nested-images columns-default is-cropped wp-block-gallery-2 is-layout-flex wp-block-gallery-is-layout-flex\">\n<figure class=\"wp-block-image size-large\"><img loading=\"lazy\" decoding=\"async\" width=\"970\" height=\"612\" data-id=\"4511\" src=\"https:\/\/periodiconuevomilenio.com\/wp-content\/uploads\/2023\/06\/screenshot_2023-06-14-15-31-16-771_com.facebook.katana.jpg\" alt=\"\" class=\"wp-image-4511\" srcset=\"https:\/\/periodiconuevomilenio.com\/wp-content\/uploads\/2023\/06\/screenshot_2023-06-14-15-31-16-771_com.facebook.katana.jpg 970w, https:\/\/periodiconuevomilenio.com\/wp-content\/uploads\/2023\/06\/screenshot_2023-06-14-15-31-16-771_com.facebook.katana-300x189.jpg 300w, https:\/\/periodiconuevomilenio.com\/wp-content\/uploads\/2023\/06\/screenshot_2023-06-14-15-31-16-771_com.facebook.katana-768x485.jpg 768w\" sizes=\"auto, (max-width: 970px) 100vw, 970px\" \/><\/figure>\n\n\n\n<figure class=\"wp-block-image size-large\"><img loading=\"lazy\" decoding=\"async\" width=\"1024\" height=\"540\" data-id=\"4512\" src=\"https:\/\/periodiconuevomilenio.com\/wp-content\/uploads\/2023\/06\/screenshot_2023-06-14-15-31-06-178_com.facebook.katana-1024x540.jpg\" alt=\"\" class=\"wp-image-4512\" srcset=\"https:\/\/periodiconuevomilenio.com\/wp-content\/uploads\/2023\/06\/screenshot_2023-06-14-15-31-06-178_com.facebook.katana-1024x540.jpg 1024w, https:\/\/periodiconuevomilenio.com\/wp-content\/uploads\/2023\/06\/screenshot_2023-06-14-15-31-06-178_com.facebook.katana-300x158.jpg 300w, https:\/\/periodiconuevomilenio.com\/wp-content\/uploads\/2023\/06\/screenshot_2023-06-14-15-31-06-178_com.facebook.katana-768x405.jpg 768w, https:\/\/periodiconuevomilenio.com\/wp-content\/uploads\/2023\/06\/screenshot_2023-06-14-15-31-06-178_com.facebook.katana.jpg 1246w\" sizes=\"auto, (max-width: 1024px) 100vw, 1024px\" \/><\/figure>\n<\/figure>\n","protected":false},"excerpt":{"rendered":"<p>&nbsp;*El \u00faltimo cuerpo fue localizado JARAL.- Este mi\u00e9rcoles y tras 4 d\u00edas de intensa b\u00fasqueda, reportan que finalmente<\/p>\n","protected":false},"author":1,"featured_media":4512,"comment_status":"open","ping_status":"open","sticky":false,"template":"","format":"standard","meta":{"jetpack_post_was_ever_published":false,"_jetpack_newsletter_access":"","_jetpack_dont_email_post_to_subs":false,"_jetpack_newsletter_tier_id":0,"_jetpack_memberships_contains_paywalled_content":false,"_jetpack_memberships_contains_paid_content":false,"footnotes":"","jetpack_publicize_message":"","jetpack_publicize_feature_enabled":false,"jetpack_social_post_already_shared":false,"jetpack_social_options":{"image_generator_settings":{"template":"highway","enabled":false},"version":2}},"categories":[34,48],"tags":[23],"class_list":["post-4510","post","type-post","status-publish","format-standard","has-post-thumbnail","hentry","category-jaral-del-progreso","category-policiaca","tag-jaral"],"jetpack_publicize_connections":[],"jetpack_sharing_enabled":true,"jetpack_featured_media_url":"https:\/\/periodiconuevomilenio.com\/wp-content\/uploads\/2023\/06\/screenshot_2023-06-14-15-31-06-178_com.facebook.katana.jpg","_links":{"self":[{"href":"https:\/\/periodiconuevomilenio.com\/index.php\/wp-json\/wp\/v2\/posts\/4510","targetHints":{"allow":["GET"]}}],"collection":[{"href":"https:\/\/periodiconuevomilenio.com\/index.php\/wp-json\/wp\/v2\/posts"}],"about":[{"href":"https:\/\/periodiconuevomilenio.com\/index.php\/wp-json\/wp\/v2\/types\/post"}],"author":[{"embeddable":true,"href":"https:\/\/periodiconuevomilenio.com\/index.php\/wp-json\/wp\/v2\/users\/1"}],"replies":[{"embeddable":true,"href":"https:\/\/periodiconuevomilenio.com\/index.php\/wp-json\/wp\/v2\/comments?post=4510"}],"version-history":[{"count":1,"href":"https:\/\/periodiconuevomilenio.com\/index.php\/wp-json\/wp\/v2\/posts\/4510\/revisions"}],"predecessor-version":[{"id":4513,"href":"https:\/\/periodiconuevomilenio.com\/index.php\/wp-json\/wp\/v2\/posts\/4510\/revisions\/4513"}],"wp:featuredmedia":[{"embeddable":true,"href":"https:\/\/periodiconuevomilenio.com\/index.php\/wp-json\/wp\/v2\/media\/4512"}],"wp:attachment":[{"href":"https:\/\/periodiconuevomilenio.com\/index.php\/wp-json\/wp\/v2\/media?parent=4510"}],"wp:term":[{"taxonomy":"category","embeddable":true,"href":"https:\/\/periodiconuevomilenio.com\/index.php\/wp-json\/wp\/v2\/categories?post=4510"},{"taxonomy":"post_tag","embeddable":true,"href":"https:\/\/periodiconuevomilenio.com\/index.php\/wp-json\/wp\/v2\/tags?post=4510"}],"curies":[{"name":"wp","href":"https:\/\/api.w.org\/{rel}","templated":true}]}}