{"id":4543,"date":"2023-06-15T21:11:52","date_gmt":"2023-06-16T03:11:52","guid":{"rendered":"https:\/\/periodiconuevomilenio.com\/?p=4543"},"modified":"2023-06-15T21:11:53","modified_gmt":"2023-06-16T03:11:53","slug":"adopta-secretaria-de-educacion-y-cultura-de-sonora-sistema-de-control-escolar-de-educacion-media-superior-y-superior-de-guanajuato","status":"publish","type":"post","link":"https:\/\/periodiconuevomilenio.com\/index.php\/2023\/06\/15\/adopta-secretaria-de-educacion-y-cultura-de-sonora-sistema-de-control-escolar-de-educacion-media-superior-y-superior-de-guanajuato\/","title":{"rendered":"Adopta Secretar\u00eda de Educaci\u00f3n y Cultura de Sonora Sistema de Control Escolar de Educaci\u00f3n Media Superior y Superior de Guanajuato"},"content":{"rendered":"\n<ul class=\"wp-block-list\">\n<li><strong>Firman convenio de colaboraci\u00f3n SEG y SEC para implementar y operar el sistema desarrollado por&nbsp; Guanajuato<\/strong><strong>.<\/strong><strong><\/strong><\/li>\n<\/ul>\n\n\n\n<p><strong>San Miguel de Allende, Gto.&nbsp; 15 de junio de 2023<\/strong>.-&nbsp; La Secretar\u00eda de Educaci\u00f3n de Guanajuato compartir\u00e1 con la Secretar\u00eda de Educaci\u00f3n y Cultura de Sonora su Sistema de Control Escolar de Educaci\u00f3n Media Superior y Superior, CEMSS, software desarrollado por la SEG para los procesos de control escolar del alumnado en las instituciones de educaci\u00f3n media y superior incorporadas a la dependencia estatal.<\/p>\n\n\n\n<p>Por lo anterior, ambas dependencias, encabezadas por el Mtro. Jorge Enrique Hern\u00e1ndez Meza, por parte de la SEG y el Dr. Aaron Aurelio Grageda Bustamante, por parte de la SEC, firmaron un convenio de colaboraci\u00f3n con el objetivo de que la dependencia del Gobierno de Sonora utilice a t\u00edtulo gratuito y por tiempo indefinido el CEMSS.<\/p>\n\n\n\n<p>\u201cLa tecnolog\u00eda nos permitir\u00e1 dar seguimiento natural a cada historia. Ojal\u00e1 este acuerdo nos lleve a dar un servicio educativo mejor y todo aquello que represente futuro a los sonorenses\u201d, dijo el secretario de Educaci\u00f3n, Jorge Enrique Hern\u00e1ndez.<\/p>\n\n\n\n<p>Por su parte, el secretario de Educaci\u00f3n y Cultura de Sonora, Aar\u00f3n Aurelio Grageda Bustamante, dijo que, en el marco de los mejoramientos administrativos, este sistema apoyar\u00e1 a miles de estudiantes de ese estado \u201cen este marco de colaboraci\u00f3n horizontal, enfrentamos un nuevo reto, el de un gobierno digital y, en la tarea de los sistemas educativos, llevamos 1 a\u00f1o 10 meses, lo que implica adem\u00e1s&nbsp; simplificaci\u00f3n y transparencia de nuestros procesos\u201d.<\/p>\n\n\n\n<p>El titular de la SEC entreg\u00f3 al Secretario de Guanajuato los sistemas de verificaci\u00f3n de documentos y de Expedici\u00f3n de Constancias como parte del convenio firmado.<\/p>\n\n\n\n<p>El acercamiento de la Secretar\u00eda de Educaci\u00f3n y Cultura de Sonora se realiz\u00f3 desde abril del a\u00f1o pasado, con el inter\u00e9s de conocer los procesos de control escolar y certificaci\u00f3n de Educaci\u00f3n Media Superior de escuelas Incorporadas a la SEG y debido a que ya se le hab\u00eda donado un sistema de este tipo desde hace varios a\u00f1os.<\/p>\n\n\n\n<p>El Sistema de Control Escolar de Educaci\u00f3n Media Superior y Superior de la SEG contiene la matr\u00edcula inscrita a partir de enero del 2021 en planes y programas de estudios de educaci\u00f3n media superior, superior y formadoras de docentes, incorporadas, as\u00ed como los procesos de control escolar como inscripci\u00f3n, acreditaci\u00f3n, regularizaci\u00f3n, bajas y reinscripci\u00f3n, as\u00ed como la captura de datos de las instituciones educativas.<\/p>\n\n\n\n<p>Adem\u00e1s de los titulares de las secretar\u00edas de Educaci\u00f3n de Guanajuato y Sonora, firmaron el convenio de colaboraci\u00f3n por parte de la SEG: Karla Sof\u00eda Padilla Ledesma, subsecretaria de Administraci\u00f3n y Finanzas; Luis Manuel Valerio M\u00e9ndez Marmolejo, director General de Recursos Materiales y Servicios Generales; y Cecilia Soledad Ar\u00e9valo Sosa, directora General de Pol\u00edtica Educativa.<\/p>\n\n\n\n<p>Por parte de la SEC de Sonora aparecen como firmantes:&nbsp; Liseth Mar\u00eda Burgos Villaescusa, encargada de Despacho de la Coordinaci\u00f3n General de Registro, Certificaci\u00f3n y Servicios profesionistas; Jos\u00e9 Alejandro Valenzuela Cruz, director General de Inform\u00e1tica; Carlos Jaime Mendoza Acu\u00f1a, director de Registro y Certificaci\u00f3n;&nbsp; y Francisco Cano S\u00e1nchez, director de An\u00e1lisis y Desarrollo de Sistemas de la Secretar\u00eda de Educaci\u00f3n y Cultura de Sonora.<\/p>\n\n\n\n<p><\/p>\n\n\n\n<p><\/p>\n\n\n\n<p><\/p>\n\n\n\n<p><a href=\"https:\/\/boletines.guanajuato.gob.mx\/2023\/06\/15\/adopta-secretaria-de-educacion-y-cultura-de-sonora-sistema-de-control-escolar-de-educacion-media-superior-y-superior-de-guanajuato\/\"><\/a><\/p>\n\n\n\n<figure class=\"wp-block-gallery has-nested-images columns-default is-cropped wp-block-gallery-1 is-layout-flex wp-block-gallery-is-layout-flex\">\n<figure class=\"wp-block-image\"><img decoding=\"async\" data-id=\"254585\" src=\"https:\/\/boletines.guanajuato.gob.mx\/wp-content\/uploads\/2023\/06\/2-6-1024x682.jpg\" alt=\"\" class=\"wp-image-254585\"\/><\/figure>\n<\/figure>\n\n\n\n<figure class=\"wp-block-gallery has-nested-images columns-default is-cropped wp-block-gallery-2 is-layout-flex wp-block-gallery-is-layout-flex\">\n<figure class=\"wp-block-image size-large\"><img loading=\"lazy\" decoding=\"async\" width=\"1024\" height=\"682\" data-id=\"4545\" src=\"https:\/\/periodiconuevomilenio.com\/wp-content\/uploads\/2023\/06\/1-10-1024x682.jpg\" alt=\"\" class=\"wp-image-4545\" srcset=\"https:\/\/periodiconuevomilenio.com\/wp-content\/uploads\/2023\/06\/1-10-1024x682.jpg 1024w, https:\/\/periodiconuevomilenio.com\/wp-content\/uploads\/2023\/06\/1-10-300x200.jpg 300w, https:\/\/periodiconuevomilenio.com\/wp-content\/uploads\/2023\/06\/1-10-768x512.jpg 768w, https:\/\/periodiconuevomilenio.com\/wp-content\/uploads\/2023\/06\/1-10-1536x1023.jpg 1536w, https:\/\/periodiconuevomilenio.com\/wp-content\/uploads\/2023\/06\/1-10.jpg 1600w\" sizes=\"auto, (max-width: 1024px) 100vw, 1024px\" \/><\/figure>\n\n\n\n<figure class=\"wp-block-image size-large\"><img loading=\"lazy\" decoding=\"async\" width=\"1024\" height=\"682\" data-id=\"4546\" src=\"https:\/\/periodiconuevomilenio.com\/wp-content\/uploads\/2023\/06\/4-7-1024x682.jpg\" alt=\"\" class=\"wp-image-4546\" srcset=\"https:\/\/periodiconuevomilenio.com\/wp-content\/uploads\/2023\/06\/4-7-1024x682.jpg 1024w, https:\/\/periodiconuevomilenio.com\/wp-content\/uploads\/2023\/06\/4-7-300x200.jpg 300w, https:\/\/periodiconuevomilenio.com\/wp-content\/uploads\/2023\/06\/4-7-768x512.jpg 768w, https:\/\/periodiconuevomilenio.com\/wp-content\/uploads\/2023\/06\/4-7-1536x1023.jpg 1536w, https:\/\/periodiconuevomilenio.com\/wp-content\/uploads\/2023\/06\/4-7.jpg 1600w\" sizes=\"auto, (max-width: 1024px) 100vw, 1024px\" \/><\/figure>\n\n\n\n<figure class=\"wp-block-image size-large\"><img loading=\"lazy\" decoding=\"async\" width=\"1024\" height=\"682\" data-id=\"4544\" src=\"https:\/\/periodiconuevomilenio.com\/wp-content\/uploads\/2023\/06\/6-5-1024x682.jpg\" alt=\"\" class=\"wp-image-4544\" srcset=\"https:\/\/periodiconuevomilenio.com\/wp-content\/uploads\/2023\/06\/6-5-1024x682.jpg 1024w, https:\/\/periodiconuevomilenio.com\/wp-content\/uploads\/2023\/06\/6-5-300x200.jpg 300w, https:\/\/periodiconuevomilenio.com\/wp-content\/uploads\/2023\/06\/6-5-768x512.jpg 768w, https:\/\/periodiconuevomilenio.com\/wp-content\/uploads\/2023\/06\/6-5-1536x1023.jpg 1536w, https:\/\/periodiconuevomilenio.com\/wp-content\/uploads\/2023\/06\/6-5.jpg 1600w\" sizes=\"auto, (max-width: 1024px) 100vw, 1024px\" \/><\/figure>\n<\/figure>\n\n\n\n<ul class=\"wp-block-list\" id=\"swiper-wrapper-0053e0d735bc7d1a\">\n<li><\/li>\n\n\n\n<li><\/li>\n<\/ul>\n","protected":false},"excerpt":{"rendered":"<p>San Miguel de Allende, Gto.&nbsp; 15 de junio de 2023.-&nbsp; La Secretar\u00eda de Educaci\u00f3n de Guanajuato compartir\u00e1 con<\/p>\n","protected":false},"author":1,"featured_media":4544,"comment_status":"open","ping_status":"open","sticky":false,"template":"","format":"standard","meta":{"jetpack_post_was_ever_published":false,"_jetpack_newsletter_access":"","_jetpack_dont_email_post_to_subs":false,"_jetpack_newsletter_tier_id":0,"_jetpack_memberships_contains_paywalled_content":false,"_jetpack_memberships_contains_paid_content":false,"footnotes":"","jetpack_publicize_message":"","jetpack_publicize_feature_enabled":false,"jetpack_social_post_already_shared":false,"jetpack_social_options":{"image_generator_settings":{"template":"highway","enabled":false},"version":2}},"categories":[31],"tags":[51],"class_list":["post-4543","post","type-post","status-publish","format-standard","has-post-thumbnail","hentry","category-estado","tag-estado"],"jetpack_publicize_connections":[],"jetpack_sharing_enabled":true,"jetpack_featured_media_url":"https:\/\/periodiconuevomilenio.com\/wp-content\/uploads\/2023\/06\/6-5.jpg","_links":{"self":[{"href":"https:\/\/periodiconuevomilenio.com\/index.php\/wp-json\/wp\/v2\/posts\/4543","targetHints":{"allow":["GET"]}}],"collection":[{"href":"https:\/\/periodiconuevomilenio.com\/index.php\/wp-json\/wp\/v2\/posts"}],"about":[{"href":"https:\/\/periodiconuevomilenio.com\/index.php\/wp-json\/wp\/v2\/types\/post"}],"author":[{"embeddable":true,"href":"https:\/\/periodiconuevomilenio.com\/index.php\/wp-json\/wp\/v2\/users\/1"}],"replies":[{"embeddable":true,"href":"https:\/\/periodiconuevomilenio.com\/index.php\/wp-json\/wp\/v2\/comments?post=4543"}],"version-history":[{"count":1,"href":"https:\/\/periodiconuevomilenio.com\/index.php\/wp-json\/wp\/v2\/posts\/4543\/revisions"}],"predecessor-version":[{"id":4547,"href":"https:\/\/periodiconuevomilenio.com\/index.php\/wp-json\/wp\/v2\/posts\/4543\/revisions\/4547"}],"wp:featuredmedia":[{"embeddable":true,"href":"https:\/\/periodiconuevomilenio.com\/index.php\/wp-json\/wp\/v2\/media\/4544"}],"wp:attachment":[{"href":"https:\/\/periodiconuevomilenio.com\/index.php\/wp-json\/wp\/v2\/media?parent=4543"}],"wp:term":[{"taxonomy":"category","embeddable":true,"href":"https:\/\/periodiconuevomilenio.com\/index.php\/wp-json\/wp\/v2\/categories?post=4543"},{"taxonomy":"post_tag","embeddable":true,"href":"https:\/\/periodiconuevomilenio.com\/index.php\/wp-json\/wp\/v2\/tags?post=4543"}],"curies":[{"name":"wp","href":"https:\/\/api.w.org\/{rel}","templated":true}]}}