{"id":4637,"date":"2023-06-17T16:06:57","date_gmt":"2023-06-17T22:06:57","guid":{"rendered":"https:\/\/periodiconuevomilenio.com\/?p=4637"},"modified":"2023-06-17T16:06:59","modified_gmt":"2023-06-17T22:06:59","slug":"se-escucharon-balazos-por-el-dif","status":"publish","type":"post","link":"https:\/\/periodiconuevomilenio.com\/index.php\/2023\/06\/17\/se-escucharon-balazos-por-el-dif\/","title":{"rendered":"Se escucharon Balazos por el DIF."},"content":{"rendered":"\n<p><strong>\u2022&nbsp;&nbsp;&nbsp;&nbsp;&nbsp;&nbsp;&nbsp; Hay una persona Herida<\/strong><\/p>\n\n\n\n<p>Valle de Santiago, Gto.-&nbsp; La noche de este viernes 16 de junio se registr\u00f3 un ataque a Balazos, muy cerca de las&nbsp; instalaciones del Sistema Municipal DIF en la esquina que forman las calles de Gertrudis Vargas y Benito Gonz\u00e1lez<\/p>\n\n\n\n<p>De acuerdo a los informes de la polic\u00eda local, siendo las 19:32 del d\u00eda vienes&nbsp; al ir sobre recorrido de vigilancia, indica&nbsp; el oficial que est\u00e1 custodiando el DIF que se escucharon detonaciones.<\/p>\n\n\n\n<p>&nbsp;Al&nbsp; llegar al lugar se visualiza un masculino con impactos a la altura de la cadera y pierna, por lo cual se le dio aviso a central de emergencia de un masculino con lesiones de arma de fuego.<\/p>\n\n\n\n<p>A las 19:47&nbsp; arriba, la unidad 606 de la cruz roja indica que el masculino&nbsp; se encuentra en c\u00f3digo amarillo y hacen el traslado al Hospital&nbsp; Bicentenario, desconoci\u00e9ndose hasta ahora el nombre de la persona herida.<\/p>\n\n\n\n<figure class=\"wp-block-image size-large\"><img loading=\"lazy\" decoding=\"async\" width=\"1024\" height=\"683\" src=\"https:\/\/periodiconuevomilenio.com\/wp-content\/uploads\/2023\/06\/IMG_8107-1024x683.jpg\" alt=\"\" class=\"wp-image-4638\" srcset=\"https:\/\/periodiconuevomilenio.com\/wp-content\/uploads\/2023\/06\/IMG_8107-1024x683.jpg 1024w, https:\/\/periodiconuevomilenio.com\/wp-content\/uploads\/2023\/06\/IMG_8107-300x200.jpg 300w, https:\/\/periodiconuevomilenio.com\/wp-content\/uploads\/2023\/06\/IMG_8107-768x512.jpg 768w, https:\/\/periodiconuevomilenio.com\/wp-content\/uploads\/2023\/06\/IMG_8107-1536x1024.jpg 1536w, https:\/\/periodiconuevomilenio.com\/wp-content\/uploads\/2023\/06\/IMG_8107-2048x1365.jpg 2048w\" sizes=\"auto, (max-width: 1024px) 100vw, 1024px\" \/><\/figure>\n","protected":false},"excerpt":{"rendered":"<p>\u2022&nbsp;&nbsp;&nbsp;&nbsp;&nbsp;&nbsp;&nbsp; Hay una persona Herida Valle de Santiago, Gto.-&nbsp; La noche de este viernes 16 de junio se<\/p>\n","protected":false},"author":1,"featured_media":4638,"comment_status":"open","ping_status":"open","sticky":false,"template":"","format":"standard","meta":{"jetpack_post_was_ever_published":false,"_jetpack_newsletter_access":"","_jetpack_dont_email_post_to_subs":false,"_jetpack_newsletter_tier_id":0,"_jetpack_memberships_contains_paywalled_content":false,"_jetpack_memberships_contains_paid_content":false,"footnotes":"","jetpack_publicize_message":"","jetpack_publicize_feature_enabled":false,"jetpack_social_post_already_shared":false,"jetpack_social_options":{"image_generator_settings":{"template":"highway","enabled":false},"version":2}},"categories":[48,39],"tags":[22],"class_list":["post-4637","post","type-post","status-publish","format-standard","has-post-thumbnail","hentry","category-policiaca","category-valle-de-santiago","tag-valle"],"jetpack_publicize_connections":[],"jetpack_sharing_enabled":true,"jetpack_featured_media_url":"https:\/\/periodiconuevomilenio.com\/wp-content\/uploads\/2023\/06\/IMG_8107-scaled.jpg","_links":{"self":[{"href":"https:\/\/periodiconuevomilenio.com\/index.php\/wp-json\/wp\/v2\/posts\/4637","targetHints":{"allow":["GET"]}}],"collection":[{"href":"https:\/\/periodiconuevomilenio.com\/index.php\/wp-json\/wp\/v2\/posts"}],"about":[{"href":"https:\/\/periodiconuevomilenio.com\/index.php\/wp-json\/wp\/v2\/types\/post"}],"author":[{"embeddable":true,"href":"https:\/\/periodiconuevomilenio.com\/index.php\/wp-json\/wp\/v2\/users\/1"}],"replies":[{"embeddable":true,"href":"https:\/\/periodiconuevomilenio.com\/index.php\/wp-json\/wp\/v2\/comments?post=4637"}],"version-history":[{"count":1,"href":"https:\/\/periodiconuevomilenio.com\/index.php\/wp-json\/wp\/v2\/posts\/4637\/revisions"}],"predecessor-version":[{"id":4639,"href":"https:\/\/periodiconuevomilenio.com\/index.php\/wp-json\/wp\/v2\/posts\/4637\/revisions\/4639"}],"wp:featuredmedia":[{"embeddable":true,"href":"https:\/\/periodiconuevomilenio.com\/index.php\/wp-json\/wp\/v2\/media\/4638"}],"wp:attachment":[{"href":"https:\/\/periodiconuevomilenio.com\/index.php\/wp-json\/wp\/v2\/media?parent=4637"}],"wp:term":[{"taxonomy":"category","embeddable":true,"href":"https:\/\/periodiconuevomilenio.com\/index.php\/wp-json\/wp\/v2\/categories?post=4637"},{"taxonomy":"post_tag","embeddable":true,"href":"https:\/\/periodiconuevomilenio.com\/index.php\/wp-json\/wp\/v2\/tags?post=4637"}],"curies":[{"name":"wp","href":"https:\/\/api.w.org\/{rel}","templated":true}]}}