{"id":4777,"date":"2023-06-20T17:33:36","date_gmt":"2023-06-20T23:33:36","guid":{"rendered":"https:\/\/periodiconuevomilenio.com\/?p=4777"},"modified":"2023-06-20T17:33:37","modified_gmt":"2023-06-20T23:33:37","slug":"seg-promueve-las-buenas-practicas-de-los-consejos-escolares-y-asociaciones-de-padres-de-familia","status":"publish","type":"post","link":"https:\/\/periodiconuevomilenio.com\/index.php\/2023\/06\/20\/seg-promueve-las-buenas-practicas-de-los-consejos-escolares-y-asociaciones-de-padres-de-familia\/","title":{"rendered":"SEG promueve las buenas pr\u00e1cticas de los Consejos Escolares y Asociaciones de Padres de Familia"},"content":{"rendered":"\n<ul class=\"wp-block-list\">\n<li><strong>Comparten experiencias exitosas de Abasolo, Huan\u00edmaro y Cuer\u00e1maro.<\/strong><\/li>\n<\/ul>\n\n\n\n<p><strong>Abasolo, Gto. 20 de junio de 2023<\/strong>.- La Secretar\u00eda de Educaci\u00f3n de Guanajuato, a trav\u00e9s de la Delegaci\u00f3n regional VI, convocaron a las supervisiones escolares 28, 58, 77 y 82, pertenecientes al Sector 19 de preescolar, a fin de compartir las experiencias exitosas que se han aplicado durante el presente ciclo escolar por parte de los \u00f3rganos de participaci\u00f3n social en la educaci\u00f3n.<\/p>\n\n\n\n<p>Con el objetivo de que las<strong>&nbsp;<\/strong>Asociaciones de Padres de Familia, los consejos de participaci\u00f3n escolar y&nbsp; los comit\u00e9s de contralor\u00eda social, rindan cuentan del ejercicio que tuvieron durante el ciclo escolar, correspondiente a estados financieros, programas y actividades implementados para fomentar el aprendizaje, infraestructura y material did\u00e1ctico.<\/p>\n\n\n\n<p>La presidenta municipal, Roc\u00edo Cervantes Barba, destac\u00f3 la voluntad por parte de la administraci\u00f3n municipal y el Ayuntamiento de Abasolo por apoyar a la formaci\u00f3n de los peque\u00f1os y de seguir trabajando de manera coordinada con la Secretar\u00eda de Educaci\u00f3n.<\/p>\n\n\n\n<p>Hizo un reconocimiento a los miembros de los Consejos Escolares, as\u00ed como a las Asociaciones de Padres de Familia, por el trabajo que han venido realizando en beneficio de sus hijas e hijos.&nbsp;<\/p>\n\n\n\n<p>En su mensaje, Adriana Reynoso Z\u00fa\u00f1iga, jefa de participaci\u00f3n social, en representaci\u00f3n de Anselmo Conejo Cornejo, Delegado de la regi\u00f3n VI, coment\u00f3 que la misi\u00f3n de este evento es transparentar y rendir cuentas, \u201ceso nos va a llevar a que los padres de familia refuercen su confianza y contin\u00faen participando\u201d.<\/p>\n\n\n\n<p>Agreg\u00f3 que una de las encomiendas m\u00e1s importantes que se tienen es fomentar la corresponsabilidad tienen las madres y padres de familia en educaci\u00f3n.<\/p>\n\n\n\n<p>Se dieron cita representantes de 35 jardines de ni\u00f1os de los municipios de Abasolo, Cuer\u00e1maro y Huan\u00edmaro, quienes presentaron ante los 250 asistentes, trabajos que marcan una mejor\u00eda en los planteles educativos, en el aprovechamiento acad\u00e9mico,&nbsp; por medio de la organizaci\u00f3n para la limpieza de planteles, apoyos para la realizaci\u00f3n de eventos, mantenimiento escolar, talleres de Crianza Positiva, ferias del de libro, ferias de matem\u00e1ticas, lectura con padres de familia, mantenimiento de \u00e1reas verdes y la generaci\u00f3n de &nbsp;huertos escolares.<\/p>\n\n\n\n<p>Estas actividades muestran el inter\u00e9s y la participaci\u00f3n de madres y padres de familia, as\u00ed tambi\u00e9n, despiertan el inter\u00e9s de las y los estudiantes por el cuidado y conservaci\u00f3n de sus planteles y del medio ambiente.<\/p>\n\n\n\n<p>De la misma manera, se trabaja con base en a lo contemplado en el Pacto Social por la Educaci\u00f3n, en lo referente a la permanencia de las y los estudiantes en el sistema educativo, que todas y todos avancen al siguiente nivel que les corresponde, en este caso nivel primaria.<\/p>\n\n\n\n<p>Para finalizar, se imparti\u00f3 conferencia sobre Derechos de Ni\u00f1as, Ni\u00f1os y Adolescentes, impartida por Mar\u00eda Isabel Gonz\u00e1lez Torres, promotora de los Derechos Humanos en la coordinaci\u00f3n de Convivencia Escolar en la Delegaci\u00f3n VI, quien hizo \u00e9nfasis en la responsabilidad que se tiene como padres y madres de familia, de cuidar a los menores, para que sean mujeres y hombres de bien en un futuro.<\/p>\n\n\n\n<figure class=\"wp-block-gallery has-nested-images columns-default is-cropped wp-block-gallery-1 is-layout-flex wp-block-gallery-is-layout-flex\"><\/figure>\n\n\n\n<figure class=\"wp-block-gallery has-nested-images columns-default is-cropped wp-block-gallery-2 is-layout-flex wp-block-gallery-is-layout-flex\">\n<figure class=\"wp-block-image size-large\"><img loading=\"lazy\" decoding=\"async\" width=\"1024\" height=\"768\" data-id=\"4789\" src=\"https:\/\/periodiconuevomilenio.com\/wp-content\/uploads\/2023\/06\/03-40-2-1024x768.jpg\" alt=\"\" class=\"wp-image-4789\" srcset=\"https:\/\/periodiconuevomilenio.com\/wp-content\/uploads\/2023\/06\/03-40-2-1024x768.jpg 1024w, https:\/\/periodiconuevomilenio.com\/wp-content\/uploads\/2023\/06\/03-40-2-300x225.jpg 300w, https:\/\/periodiconuevomilenio.com\/wp-content\/uploads\/2023\/06\/03-40-2-768x576.jpg 768w, https:\/\/periodiconuevomilenio.com\/wp-content\/uploads\/2023\/06\/03-40-2.jpg 1280w\" sizes=\"auto, (max-width: 1024px) 100vw, 1024px\" \/><\/figure>\n\n\n\n<figure class=\"wp-block-image size-large\"><img loading=\"lazy\" decoding=\"async\" width=\"1024\" height=\"768\" data-id=\"4788\" src=\"https:\/\/periodiconuevomilenio.com\/wp-content\/uploads\/2023\/06\/04-38-1-1024x768.jpg\" alt=\"\" class=\"wp-image-4788\" srcset=\"https:\/\/periodiconuevomilenio.com\/wp-content\/uploads\/2023\/06\/04-38-1-1024x768.jpg 1024w, https:\/\/periodiconuevomilenio.com\/wp-content\/uploads\/2023\/06\/04-38-1-300x225.jpg 300w, https:\/\/periodiconuevomilenio.com\/wp-content\/uploads\/2023\/06\/04-38-1-768x576.jpg 768w, https:\/\/periodiconuevomilenio.com\/wp-content\/uploads\/2023\/06\/04-38-1.jpg 1280w\" sizes=\"auto, (max-width: 1024px) 100vw, 1024px\" \/><\/figure>\n\n\n\n<figure class=\"wp-block-image size-large\"><img loading=\"lazy\" decoding=\"async\" width=\"1024\" height=\"768\" data-id=\"4786\" src=\"https:\/\/periodiconuevomilenio.com\/wp-content\/uploads\/2023\/06\/06-28-1-1024x768.jpg\" alt=\"\" class=\"wp-image-4786\" srcset=\"https:\/\/periodiconuevomilenio.com\/wp-content\/uploads\/2023\/06\/06-28-1-1024x768.jpg 1024w, https:\/\/periodiconuevomilenio.com\/wp-content\/uploads\/2023\/06\/06-28-1-300x225.jpg 300w, https:\/\/periodiconuevomilenio.com\/wp-content\/uploads\/2023\/06\/06-28-1-768x576.jpg 768w, https:\/\/periodiconuevomilenio.com\/wp-content\/uploads\/2023\/06\/06-28-1.jpg 1280w\" sizes=\"auto, (max-width: 1024px) 100vw, 1024px\" \/><\/figure>\n\n\n\n<figure class=\"wp-block-image size-large\"><img loading=\"lazy\" decoding=\"async\" width=\"1024\" height=\"483\" data-id=\"4785\" src=\"https:\/\/periodiconuevomilenio.com\/wp-content\/uploads\/2023\/06\/01-41-1-1024x483.jpg\" alt=\"\" class=\"wp-image-4785\" srcset=\"https:\/\/periodiconuevomilenio.com\/wp-content\/uploads\/2023\/06\/01-41-1-1024x483.jpg 1024w, https:\/\/periodiconuevomilenio.com\/wp-content\/uploads\/2023\/06\/01-41-1-300x142.jpg 300w, https:\/\/periodiconuevomilenio.com\/wp-content\/uploads\/2023\/06\/01-41-1-768x362.jpg 768w, https:\/\/periodiconuevomilenio.com\/wp-content\/uploads\/2023\/06\/01-41-1.jpg 1280w\" sizes=\"auto, (max-width: 1024px) 100vw, 1024px\" \/><\/figure>\n\n\n\n<figure class=\"wp-block-image size-large\"><img loading=\"lazy\" decoding=\"async\" width=\"768\" height=\"1024\" data-id=\"4787\" src=\"https:\/\/periodiconuevomilenio.com\/wp-content\/uploads\/2023\/06\/02-36-1-768x1024.jpg\" alt=\"\" class=\"wp-image-4787\" srcset=\"https:\/\/periodiconuevomilenio.com\/wp-content\/uploads\/2023\/06\/02-36-1-768x1024.jpg 768w, https:\/\/periodiconuevomilenio.com\/wp-content\/uploads\/2023\/06\/02-36-1-225x300.jpg 225w, https:\/\/periodiconuevomilenio.com\/wp-content\/uploads\/2023\/06\/02-36-1.jpg 960w\" sizes=\"auto, (max-width: 768px) 100vw, 768px\" \/><\/figure>\n<\/figure>\n\n\n\n<figure class=\"wp-block-gallery has-nested-images columns-default is-cropped wp-block-gallery-3 is-layout-flex wp-block-gallery-is-layout-flex\">\n<figure class=\"wp-block-image size-large\"><img loading=\"lazy\" decoding=\"async\" width=\"1024\" height=\"768\" data-id=\"4791\" src=\"https:\/\/periodiconuevomilenio.com\/wp-content\/uploads\/2023\/06\/08-20-1-1024x768.jpg\" alt=\"\" class=\"wp-image-4791\" srcset=\"https:\/\/periodiconuevomilenio.com\/wp-content\/uploads\/2023\/06\/08-20-1-1024x768.jpg 1024w, https:\/\/periodiconuevomilenio.com\/wp-content\/uploads\/2023\/06\/08-20-1-300x225.jpg 300w, https:\/\/periodiconuevomilenio.com\/wp-content\/uploads\/2023\/06\/08-20-1-768x576.jpg 768w, https:\/\/periodiconuevomilenio.com\/wp-content\/uploads\/2023\/06\/08-20-1.jpg 1280w\" sizes=\"auto, (max-width: 1024px) 100vw, 1024px\" \/><\/figure>\n\n\n\n<figure class=\"wp-block-image size-large\"><img loading=\"lazy\" decoding=\"async\" width=\"768\" height=\"1024\" data-id=\"4790\" src=\"https:\/\/periodiconuevomilenio.com\/wp-content\/uploads\/2023\/06\/05-32-1-768x1024.jpg\" alt=\"\" class=\"wp-image-4790\" srcset=\"https:\/\/periodiconuevomilenio.com\/wp-content\/uploads\/2023\/06\/05-32-1-768x1024.jpg 768w, https:\/\/periodiconuevomilenio.com\/wp-content\/uploads\/2023\/06\/05-32-1-225x300.jpg 225w, https:\/\/periodiconuevomilenio.com\/wp-content\/uploads\/2023\/06\/05-32-1.jpg 960w\" sizes=\"auto, (max-width: 768px) 100vw, 768px\" \/><\/figure>\n<\/figure>\n","protected":false},"excerpt":{"rendered":"<p>Abasolo, Gto. 20 de junio de 2023.- La Secretar\u00eda de Educaci\u00f3n de Guanajuato, a trav\u00e9s de la Delegaci\u00f3n<\/p>\n","protected":false},"author":1,"featured_media":4788,"comment_status":"open","ping_status":"open","sticky":false,"template":"","format":"standard","meta":{"jetpack_post_was_ever_published":false,"_jetpack_newsletter_access":"","_jetpack_dont_email_post_to_subs":false,"_jetpack_newsletter_tier_id":0,"_jetpack_memberships_contains_paywalled_content":false,"_jetpack_memberships_contains_paid_content":false,"footnotes":"","jetpack_publicize_message":"","jetpack_publicize_feature_enabled":false,"jetpack_social_post_already_shared":false,"jetpack_social_options":{"image_generator_settings":{"template":"highway","enabled":false},"version":2}},"categories":[32],"tags":[25],"class_list":["post-4777","post","type-post","status-publish","format-standard","has-post-thumbnail","hentry","category-abasolo","tag-abasolo"],"jetpack_publicize_connections":[],"jetpack_sharing_enabled":true,"jetpack_featured_media_url":"https:\/\/periodiconuevomilenio.com\/wp-content\/uploads\/2023\/06\/04-38-1.jpg","_links":{"self":[{"href":"https:\/\/periodiconuevomilenio.com\/index.php\/wp-json\/wp\/v2\/posts\/4777","targetHints":{"allow":["GET"]}}],"collection":[{"href":"https:\/\/periodiconuevomilenio.com\/index.php\/wp-json\/wp\/v2\/posts"}],"about":[{"href":"https:\/\/periodiconuevomilenio.com\/index.php\/wp-json\/wp\/v2\/types\/post"}],"author":[{"embeddable":true,"href":"https:\/\/periodiconuevomilenio.com\/index.php\/wp-json\/wp\/v2\/users\/1"}],"replies":[{"embeddable":true,"href":"https:\/\/periodiconuevomilenio.com\/index.php\/wp-json\/wp\/v2\/comments?post=4777"}],"version-history":[{"count":1,"href":"https:\/\/periodiconuevomilenio.com\/index.php\/wp-json\/wp\/v2\/posts\/4777\/revisions"}],"predecessor-version":[{"id":4792,"href":"https:\/\/periodiconuevomilenio.com\/index.php\/wp-json\/wp\/v2\/posts\/4777\/revisions\/4792"}],"wp:featuredmedia":[{"embeddable":true,"href":"https:\/\/periodiconuevomilenio.com\/index.php\/wp-json\/wp\/v2\/media\/4788"}],"wp:attachment":[{"href":"https:\/\/periodiconuevomilenio.com\/index.php\/wp-json\/wp\/v2\/media?parent=4777"}],"wp:term":[{"taxonomy":"category","embeddable":true,"href":"https:\/\/periodiconuevomilenio.com\/index.php\/wp-json\/wp\/v2\/categories?post=4777"},{"taxonomy":"post_tag","embeddable":true,"href":"https:\/\/periodiconuevomilenio.com\/index.php\/wp-json\/wp\/v2\/tags?post=4777"}],"curies":[{"name":"wp","href":"https:\/\/api.w.org\/{rel}","templated":true}]}}