{"id":5533,"date":"2023-07-12T22:46:08","date_gmt":"2023-07-13T04:46:08","guid":{"rendered":"https:\/\/periodiconuevomilenio.com\/?p=5533"},"modified":"2023-07-12T22:46:11","modified_gmt":"2023-07-13T04:46:11","slug":"llama-comision-legislativa-de-seguridad-publica-y-prevencion-social-de-la-violencia-y-la-delincuencia-a-combatir-la-inseguridad-con-prevencion-en-valle-de-santiago","status":"publish","type":"post","link":"https:\/\/periodiconuevomilenio.com\/index.php\/2023\/07\/12\/llama-comision-legislativa-de-seguridad-publica-y-prevencion-social-de-la-violencia-y-la-delincuencia-a-combatir-la-inseguridad-con-prevencion-en-valle-de-santiago\/","title":{"rendered":"Llama Comisi\u00f3n Legislativa de Seguridad P\u00fablica y Prevenci\u00f3n Social de la Violencia y la Delincuencia a combatir la inseguridad con prevenci\u00f3n en Valle de Santiago"},"content":{"rendered":"\n<p><strong>Valle de Santiago, Gto. \u2013 <\/strong>La Convenci\u00f3n Legislativa de Seguridad P\u00fablica y Prevenci\u00f3n Social de la Violencia y la Delincuencia llam\u00f3 a las autoridades municipales de Valle de Santiago a acabar con la violencia y la delincuencia a trav\u00e9s de la prevenci\u00f3n, esto durante la sesi\u00f3n ordinaria &nbsp;la Comisi\u00f3n Municipal de Prevenci\u00f3n Social de la Violencia y la Delincuencia.<\/p>\n\n\n\n<p>El diputado Jos\u00e9 Alfonso Borja Pimentel indic\u00f3 que la Convenci\u00f3n Legislativa permite a las y los diputados sensibilizarse con lo que se escucha en las calles de los municipios; adem\u00e1s, celebr\u00f3 que el presidente municipal y su equipo se ocupen de hacer un trabajo cercano a la poblaci\u00f3n vallense.<\/p>\n\n\n\n<p>\u201cEsto se puede concretar en acciones que verdaderamente le hagan sentido a la ciudadan\u00eda\u201d<\/p>\n\n\n\n<p>En tanto, el diputado Mart\u00edn L\u00f3pez Camacho record\u00f3 que la convenci\u00f3n busca generar iniciativas de ley a partir de las necesidades reales de los municipios guanajuatenses.<\/p>\n\n\n\n<p>\u201cQueremos que el diputado no legisle desde la comodidad de su curul, ni \u00fanicamente con lo que dicen los peri\u00f3dicos o lo que aconsejan sus asesores; lo que provoca esta Convenci\u00f3n es que vengamos a recoger lo que est\u00e1 pasando en los municipios\u201d, afirm\u00f3.<\/p>\n\n\n\n<p>Adem\u00e1s, pidi\u00f3 enfocar los esfuerzos a la prevenci\u00f3n y no \u00fanicamente a la reacci\u00f3n policial, pues, dijo, un trabajo exitoso en materia de prevenci\u00f3n es un trabajo exitoso en materia de policial.<\/p>\n\n\n\n<p>En el mismo sentido, solicit\u00f3 a las y los servidores p\u00fablicos municipales presentes en la reuni\u00f3n ser pacientes, en el entendido de que los resultados de no se dar\u00e1n a corto plazo; y les record\u00f3 que el trabajo de prevenci\u00f3n s\u00f3lo funciona si se realiza de manera transversal.<\/p>\n\n\n\n<p>L\u00f3pez Camacho les invit\u00f3 a dignificar y valorar la labor de los polic\u00edas y a formar una sociedad responsable que colabore con el trabajo que realizan las corporaciones.<\/p>\n\n\n\n<p>Finalmente se\u00f1al\u00f3 que, derivado de su quehacer, la Convenci\u00f3n ha presentado ya tres iniciativas de ley: una para implementar un modelo de formaci\u00f3n de cuerpos policiales en materia de violencia de g\u00e9nero; la segunda para regular que todas las motocicletas cuenten con placa desde el momento en que son adquiridas y otra m\u00e1s para delinear los perfiles de quienes colaboran en las unidades de an\u00e1lisis de informaci\u00f3n e inteligencia.<\/p>\n\n\n\n<p>El presidente municipal, Alejandro Alan\u00eds Ch\u00e1vez reconoci\u00f3 los esfuerzos de la Convenci\u00f3n y se comprometi\u00f3 a continuar trabajando de manera transversal para prevenir la violencia y la delincuencia. Adem\u00e1s, aplaudi\u00f3 el trabajo que realiza su equipo para formar en las ni\u00f1as, ni\u00f1os y adolescentes agentes de paz.<\/p>\n\n\n\n<p>Durante la reuni\u00f3n estuvieron presentes los diputados Mart\u00edn L\u00f3pez Camacho y Jos\u00e9 Alfonso Borja Pimentel; as\u00ed como el presidente municipal, Alejandro Alan\u00eds Ch\u00e1vez y diversas personas servidoras p\u00fablicas municipales.&nbsp;<\/p>\n\n\n\n<figure class=\"wp-block-gallery has-nested-images columns-default is-cropped wp-block-gallery-1 is-layout-flex wp-block-gallery-is-layout-flex\">\n<figure class=\"wp-block-image size-large\"><img loading=\"lazy\" decoding=\"async\" width=\"1024\" height=\"682\" data-id=\"5542\" src=\"https:\/\/periodiconuevomilenio.com\/wp-content\/uploads\/2023\/07\/07c0a3bf-6ed4-452e-b82a-f994f94d0e66.jpg\" alt=\"\" class=\"wp-image-5542\" srcset=\"https:\/\/periodiconuevomilenio.com\/wp-content\/uploads\/2023\/07\/07c0a3bf-6ed4-452e-b82a-f994f94d0e66.jpg 1024w, https:\/\/periodiconuevomilenio.com\/wp-content\/uploads\/2023\/07\/07c0a3bf-6ed4-452e-b82a-f994f94d0e66-300x200.jpg 300w, https:\/\/periodiconuevomilenio.com\/wp-content\/uploads\/2023\/07\/07c0a3bf-6ed4-452e-b82a-f994f94d0e66-768x512.jpg 768w\" sizes=\"auto, (max-width: 1024px) 100vw, 1024px\" \/><\/figure>\n\n\n\n<figure class=\"wp-block-image size-large\"><img loading=\"lazy\" decoding=\"async\" width=\"1024\" height=\"682\" data-id=\"5543\" src=\"https:\/\/periodiconuevomilenio.com\/wp-content\/uploads\/2023\/07\/12e56716-8bd3-496e-8451-588f2d64b503.jpg\" alt=\"\" class=\"wp-image-5543\" srcset=\"https:\/\/periodiconuevomilenio.com\/wp-content\/uploads\/2023\/07\/12e56716-8bd3-496e-8451-588f2d64b503.jpg 1024w, https:\/\/periodiconuevomilenio.com\/wp-content\/uploads\/2023\/07\/12e56716-8bd3-496e-8451-588f2d64b503-300x200.jpg 300w, https:\/\/periodiconuevomilenio.com\/wp-content\/uploads\/2023\/07\/12e56716-8bd3-496e-8451-588f2d64b503-768x512.jpg 768w\" sizes=\"auto, (max-width: 1024px) 100vw, 1024px\" \/><\/figure>\n\n\n\n<figure class=\"wp-block-image size-large\"><img loading=\"lazy\" decoding=\"async\" width=\"1024\" height=\"682\" data-id=\"5541\" src=\"https:\/\/periodiconuevomilenio.com\/wp-content\/uploads\/2023\/07\/9da29336-867e-48f1-bffd-19cf60d1b831.jpg\" alt=\"\" class=\"wp-image-5541\" srcset=\"https:\/\/periodiconuevomilenio.com\/wp-content\/uploads\/2023\/07\/9da29336-867e-48f1-bffd-19cf60d1b831.jpg 1024w, https:\/\/periodiconuevomilenio.com\/wp-content\/uploads\/2023\/07\/9da29336-867e-48f1-bffd-19cf60d1b831-300x200.jpg 300w, https:\/\/periodiconuevomilenio.com\/wp-content\/uploads\/2023\/07\/9da29336-867e-48f1-bffd-19cf60d1b831-768x512.jpg 768w\" sizes=\"auto, (max-width: 1024px) 100vw, 1024px\" \/><\/figure>\n<\/figure>\n\n\n\n<figure class=\"wp-block-gallery has-nested-images columns-default is-cropped wp-block-gallery-2 is-layout-flex wp-block-gallery-is-layout-flex\">\n<figure class=\"wp-block-image size-large\"><img loading=\"lazy\" decoding=\"async\" width=\"1024\" height=\"682\" data-id=\"5536\" src=\"https:\/\/periodiconuevomilenio.com\/wp-content\/uploads\/2023\/07\/64fd9966-71ef-432f-a6cb-1b261abb2f9d.jpg\" alt=\"\" class=\"wp-image-5536\" srcset=\"https:\/\/periodiconuevomilenio.com\/wp-content\/uploads\/2023\/07\/64fd9966-71ef-432f-a6cb-1b261abb2f9d.jpg 1024w, https:\/\/periodiconuevomilenio.com\/wp-content\/uploads\/2023\/07\/64fd9966-71ef-432f-a6cb-1b261abb2f9d-300x200.jpg 300w, https:\/\/periodiconuevomilenio.com\/wp-content\/uploads\/2023\/07\/64fd9966-71ef-432f-a6cb-1b261abb2f9d-768x512.jpg 768w\" sizes=\"auto, (max-width: 1024px) 100vw, 1024px\" \/><\/figure>\n\n\n\n<figure class=\"wp-block-image size-large\"><img loading=\"lazy\" decoding=\"async\" width=\"1024\" height=\"682\" data-id=\"5535\" src=\"https:\/\/periodiconuevomilenio.com\/wp-content\/uploads\/2023\/07\/b7583e70-b0a7-434a-8788-dcf512716c15.jpg\" alt=\"\" class=\"wp-image-5535\" srcset=\"https:\/\/periodiconuevomilenio.com\/wp-content\/uploads\/2023\/07\/b7583e70-b0a7-434a-8788-dcf512716c15.jpg 1024w, https:\/\/periodiconuevomilenio.com\/wp-content\/uploads\/2023\/07\/b7583e70-b0a7-434a-8788-dcf512716c15-300x200.jpg 300w, https:\/\/periodiconuevomilenio.com\/wp-content\/uploads\/2023\/07\/b7583e70-b0a7-434a-8788-dcf512716c15-768x512.jpg 768w\" sizes=\"auto, (max-width: 1024px) 100vw, 1024px\" \/><\/figure>\n\n\n\n<figure class=\"wp-block-image size-large\"><img loading=\"lazy\" decoding=\"async\" width=\"1024\" height=\"682\" data-id=\"5538\" src=\"https:\/\/periodiconuevomilenio.com\/wp-content\/uploads\/2023\/07\/97657725-fed7-4103-a904-17d1ed7c5647.jpg\" alt=\"\" class=\"wp-image-5538\" srcset=\"https:\/\/periodiconuevomilenio.com\/wp-content\/uploads\/2023\/07\/97657725-fed7-4103-a904-17d1ed7c5647.jpg 1024w, https:\/\/periodiconuevomilenio.com\/wp-content\/uploads\/2023\/07\/97657725-fed7-4103-a904-17d1ed7c5647-300x200.jpg 300w, https:\/\/periodiconuevomilenio.com\/wp-content\/uploads\/2023\/07\/97657725-fed7-4103-a904-17d1ed7c5647-768x512.jpg 768w\" sizes=\"auto, (max-width: 1024px) 100vw, 1024px\" \/><\/figure>\n\n\n\n<figure class=\"wp-block-image size-large\"><img loading=\"lazy\" decoding=\"async\" width=\"1024\" height=\"682\" data-id=\"5534\" src=\"https:\/\/periodiconuevomilenio.com\/wp-content\/uploads\/2023\/07\/9a9ce65f-faff-4889-807e-645b2f61214b.jpg\" alt=\"\" class=\"wp-image-5534\" srcset=\"https:\/\/periodiconuevomilenio.com\/wp-content\/uploads\/2023\/07\/9a9ce65f-faff-4889-807e-645b2f61214b.jpg 1024w, https:\/\/periodiconuevomilenio.com\/wp-content\/uploads\/2023\/07\/9a9ce65f-faff-4889-807e-645b2f61214b-300x200.jpg 300w, https:\/\/periodiconuevomilenio.com\/wp-content\/uploads\/2023\/07\/9a9ce65f-faff-4889-807e-645b2f61214b-768x512.jpg 768w\" sizes=\"auto, (max-width: 1024px) 100vw, 1024px\" \/><\/figure>\n\n\n\n<figure class=\"wp-block-image size-large\"><img loading=\"lazy\" decoding=\"async\" width=\"1024\" height=\"682\" data-id=\"5539\" src=\"https:\/\/periodiconuevomilenio.com\/wp-content\/uploads\/2023\/07\/f9b5e607-aed3-4dca-aa27-0544f2188f6e.jpg\" alt=\"\" class=\"wp-image-5539\" srcset=\"https:\/\/periodiconuevomilenio.com\/wp-content\/uploads\/2023\/07\/f9b5e607-aed3-4dca-aa27-0544f2188f6e.jpg 1024w, https:\/\/periodiconuevomilenio.com\/wp-content\/uploads\/2023\/07\/f9b5e607-aed3-4dca-aa27-0544f2188f6e-300x200.jpg 300w, https:\/\/periodiconuevomilenio.com\/wp-content\/uploads\/2023\/07\/f9b5e607-aed3-4dca-aa27-0544f2188f6e-768x512.jpg 768w\" sizes=\"auto, (max-width: 1024px) 100vw, 1024px\" \/><\/figure>\n\n\n\n<figure class=\"wp-block-image size-large\"><img loading=\"lazy\" decoding=\"async\" width=\"1024\" height=\"682\" data-id=\"5537\" src=\"https:\/\/periodiconuevomilenio.com\/wp-content\/uploads\/2023\/07\/7aa2bec3-f0ff-48c9-92b6-bec50bcfffe6.jpg\" alt=\"\" class=\"wp-image-5537\" srcset=\"https:\/\/periodiconuevomilenio.com\/wp-content\/uploads\/2023\/07\/7aa2bec3-f0ff-48c9-92b6-bec50bcfffe6.jpg 1024w, https:\/\/periodiconuevomilenio.com\/wp-content\/uploads\/2023\/07\/7aa2bec3-f0ff-48c9-92b6-bec50bcfffe6-300x200.jpg 300w, https:\/\/periodiconuevomilenio.com\/wp-content\/uploads\/2023\/07\/7aa2bec3-f0ff-48c9-92b6-bec50bcfffe6-768x512.jpg 768w\" sizes=\"auto, (max-width: 1024px) 100vw, 1024px\" \/><\/figure>\n\n\n\n<figure class=\"wp-block-image size-large\"><img loading=\"lazy\" decoding=\"async\" width=\"1024\" height=\"682\" data-id=\"5540\" src=\"https:\/\/periodiconuevomilenio.com\/wp-content\/uploads\/2023\/07\/478f0d18-855d-43cc-b24a-f948468cee07.jpg\" alt=\"\" class=\"wp-image-5540\" srcset=\"https:\/\/periodiconuevomilenio.com\/wp-content\/uploads\/2023\/07\/478f0d18-855d-43cc-b24a-f948468cee07.jpg 1024w, https:\/\/periodiconuevomilenio.com\/wp-content\/uploads\/2023\/07\/478f0d18-855d-43cc-b24a-f948468cee07-300x200.jpg 300w, https:\/\/periodiconuevomilenio.com\/wp-content\/uploads\/2023\/07\/478f0d18-855d-43cc-b24a-f948468cee07-768x512.jpg 768w\" sizes=\"auto, (max-width: 1024px) 100vw, 1024px\" \/><\/figure>\n<\/figure>\n\n\n\n<figure class=\"wp-block-gallery has-nested-images columns-default is-cropped wp-block-gallery-3 is-layout-flex wp-block-gallery-is-layout-flex\"><\/figure>\n","protected":false},"excerpt":{"rendered":"<p>Valle de Santiago, Gto. \u2013 La Convenci\u00f3n Legislativa de Seguridad P\u00fablica y Prevenci\u00f3n Social de la Violencia y<\/p>\n","protected":false},"author":1,"featured_media":5541,"comment_status":"open","ping_status":"open","sticky":false,"template":"","format":"standard","meta":{"jetpack_post_was_ever_published":false,"_jetpack_newsletter_access":"","_jetpack_dont_email_post_to_subs":false,"_jetpack_newsletter_tier_id":0,"_jetpack_memberships_contains_paywalled_content":false,"_jetpack_memberships_contains_paid_content":false,"footnotes":"","jetpack_publicize_message":"","jetpack_publicize_feature_enabled":true,"jetpack_social_post_already_shared":true,"jetpack_social_options":{"image_generator_settings":{"template":"highway","enabled":false},"version":2}},"categories":[31,39],"tags":[51],"class_list":["post-5533","post","type-post","status-publish","format-standard","has-post-thumbnail","hentry","category-estado","category-valle-de-santiago","tag-estado"],"jetpack_publicize_connections":[],"jetpack_sharing_enabled":true,"jetpack_featured_media_url":"https:\/\/periodiconuevomilenio.com\/wp-content\/uploads\/2023\/07\/9da29336-867e-48f1-bffd-19cf60d1b831.jpg","_links":{"self":[{"href":"https:\/\/periodiconuevomilenio.com\/index.php\/wp-json\/wp\/v2\/posts\/5533","targetHints":{"allow":["GET"]}}],"collection":[{"href":"https:\/\/periodiconuevomilenio.com\/index.php\/wp-json\/wp\/v2\/posts"}],"about":[{"href":"https:\/\/periodiconuevomilenio.com\/index.php\/wp-json\/wp\/v2\/types\/post"}],"author":[{"embeddable":true,"href":"https:\/\/periodiconuevomilenio.com\/index.php\/wp-json\/wp\/v2\/users\/1"}],"replies":[{"embeddable":true,"href":"https:\/\/periodiconuevomilenio.com\/index.php\/wp-json\/wp\/v2\/comments?post=5533"}],"version-history":[{"count":1,"href":"https:\/\/periodiconuevomilenio.com\/index.php\/wp-json\/wp\/v2\/posts\/5533\/revisions"}],"predecessor-version":[{"id":5544,"href":"https:\/\/periodiconuevomilenio.com\/index.php\/wp-json\/wp\/v2\/posts\/5533\/revisions\/5544"}],"wp:featuredmedia":[{"embeddable":true,"href":"https:\/\/periodiconuevomilenio.com\/index.php\/wp-json\/wp\/v2\/media\/5541"}],"wp:attachment":[{"href":"https:\/\/periodiconuevomilenio.com\/index.php\/wp-json\/wp\/v2\/media?parent=5533"}],"wp:term":[{"taxonomy":"category","embeddable":true,"href":"https:\/\/periodiconuevomilenio.com\/index.php\/wp-json\/wp\/v2\/categories?post=5533"},{"taxonomy":"post_tag","embeddable":true,"href":"https:\/\/periodiconuevomilenio.com\/index.php\/wp-json\/wp\/v2\/tags?post=5533"}],"curies":[{"name":"wp","href":"https:\/\/api.w.org\/{rel}","templated":true}]}}