{"id":5553,"date":"2023-07-13T01:30:15","date_gmt":"2023-07-13T07:30:15","guid":{"rendered":"https:\/\/periodiconuevomilenio.com\/?p=5553"},"modified":"2023-07-13T01:30:17","modified_gmt":"2023-07-13T07:30:17","slug":"agentes-de-investigacion-criminal-van-por-presunto-homicida-a-tijuana","status":"publish","type":"post","link":"https:\/\/periodiconuevomilenio.com\/index.php\/2023\/07\/13\/agentes-de-investigacion-criminal-van-por-presunto-homicida-a-tijuana\/","title":{"rendered":"AGENTES DE INVESTIGACI\u00d3N CRIMINAL VAN POR PRESUNTO HOMICIDA A TIJUANA"},"content":{"rendered":"\n<p>La Fiscal\u00eda de Guanajuato envi\u00f3 a un grupo de Agentes de Investigaci\u00f3n Criminal a la ciudad de Tijuana, para detener a un sujeto de 25 a\u00f1os, acusado de asesinar a un hombre en Valle de Santiago.<\/p>\n\n\n\n<p>De acuerdo a la investigaci\u00f3n del Ministerio P\u00fablico, el 26 de junio de 2021, se localiz\u00f3 dentro de bolsas pl\u00e1sticas, un hombre sin vida en la comunidad de San Vicente de Grama en dicho municipio. Luego de las primeras indagatorias, se pudo establecer que cinco d\u00edas antes el ofendido hab\u00eda sido sustra\u00eddo de su domicilio por personas armadas.&nbsp;<\/p>\n\n\n\n<p>Una vez identificado y ubicado, la Unidad de Homicidios se traslad\u00f3 a la ciudad de Tijuana y en colaboraci\u00f3n con autoridades de Baja California, detuvieron a&nbsp;<strong>JOS\u00c9 DANIEL \u201cN\u201d<\/strong>, quien fue tra\u00eddo de regreso y presentado ante el Juez de Control, quien determin\u00f3 una vez que analiz\u00f3 el material probatorio, vincularlo a proceso penal por el delito de homicidio calificado, en agravio de Gustavo \u201cN\u201d.<\/p>\n","protected":false},"excerpt":{"rendered":"<p>La Fiscal\u00eda de Guanajuato envi\u00f3 a un grupo de Agentes de Investigaci\u00f3n Criminal a la ciudad de Tijuana,<\/p>\n","protected":false},"author":1,"featured_media":5554,"comment_status":"open","ping_status":"open","sticky":false,"template":"","format":"standard","meta":{"jetpack_post_was_ever_published":false,"_jetpack_newsletter_access":"","_jetpack_dont_email_post_to_subs":false,"_jetpack_newsletter_tier_id":0,"_jetpack_memberships_contains_paywalled_content":false,"_jetpack_memberships_contains_paid_content":false,"footnotes":"","jetpack_publicize_message":"","jetpack_publicize_feature_enabled":false,"jetpack_social_post_already_shared":false,"jetpack_social_options":{"image_generator_settings":{"template":"highway","enabled":false},"version":2}},"categories":[47,48,39],"tags":[22],"class_list":["post-5553","post","type-post","status-publish","format-standard","has-post-thumbnail","hentry","category-nacional","category-policiaca","category-valle-de-santiago","tag-valle"],"jetpack_publicize_connections":[],"jetpack_sharing_enabled":true,"jetpack_featured_media_url":"https:\/\/periodiconuevomilenio.com\/wp-content\/uploads\/2023\/07\/3274.jpg","_links":{"self":[{"href":"https:\/\/periodiconuevomilenio.com\/index.php\/wp-json\/wp\/v2\/posts\/5553","targetHints":{"allow":["GET"]}}],"collection":[{"href":"https:\/\/periodiconuevomilenio.com\/index.php\/wp-json\/wp\/v2\/posts"}],"about":[{"href":"https:\/\/periodiconuevomilenio.com\/index.php\/wp-json\/wp\/v2\/types\/post"}],"author":[{"embeddable":true,"href":"https:\/\/periodiconuevomilenio.com\/index.php\/wp-json\/wp\/v2\/users\/1"}],"replies":[{"embeddable":true,"href":"https:\/\/periodiconuevomilenio.com\/index.php\/wp-json\/wp\/v2\/comments?post=5553"}],"version-history":[{"count":1,"href":"https:\/\/periodiconuevomilenio.com\/index.php\/wp-json\/wp\/v2\/posts\/5553\/revisions"}],"predecessor-version":[{"id":5555,"href":"https:\/\/periodiconuevomilenio.com\/index.php\/wp-json\/wp\/v2\/posts\/5553\/revisions\/5555"}],"wp:featuredmedia":[{"embeddable":true,"href":"https:\/\/periodiconuevomilenio.com\/index.php\/wp-json\/wp\/v2\/media\/5554"}],"wp:attachment":[{"href":"https:\/\/periodiconuevomilenio.com\/index.php\/wp-json\/wp\/v2\/media?parent=5553"}],"wp:term":[{"taxonomy":"category","embeddable":true,"href":"https:\/\/periodiconuevomilenio.com\/index.php\/wp-json\/wp\/v2\/categories?post=5553"},{"taxonomy":"post_tag","embeddable":true,"href":"https:\/\/periodiconuevomilenio.com\/index.php\/wp-json\/wp\/v2\/tags?post=5553"}],"curies":[{"name":"wp","href":"https:\/\/api.w.org\/{rel}","templated":true}]}}