{"id":6109,"date":"2023-08-04T14:59:20","date_gmt":"2023-08-04T20:59:20","guid":{"rendered":"https:\/\/periodiconuevomilenio.com\/?p=6109"},"modified":"2023-08-04T14:59:32","modified_gmt":"2023-08-04T20:59:32","slug":"el-antiguis-va-preso-acusado-de-asesinar-a-una-mujer-por-un-ajuste-de-cuentas-en-salamanca","status":"publish","type":"post","link":"https:\/\/periodiconuevomilenio.com\/index.php\/2023\/08\/04\/el-antiguis-va-preso-acusado-de-asesinar-a-una-mujer-por-un-ajuste-de-cuentas-en-salamanca\/","title":{"rendered":"\u201cEL ANTIG\u00dcIS\u201d VA PRESO, ACUSADO DE ASESINAR A UNA MUJER POR UN AJUSTE DE CUENTAS EN SALAMANCA"},"content":{"rendered":"\n<p>Salamanca, Gto., 04 de agosto de 2023.- Elementos de la Agencia de Investigaci\u00f3n Criminal ubicaron y detuvieron a MIGUEL \u00c1NGEL \u201cN\u201d, apodado \u201cEl Antig\u00fcis\u201d, quien es acusado de haber ejecutado a una mujer de 38 a\u00f1os en la zona centro de Salamanca.<\/p>\n\n\n\n<p>El pasado 15 de junio de 2023, en la calle Emeteria Valencia en la zona centro de la ciudad Salmantina, peritos y agentes de investigaci\u00f3n criminal realizaron actos de investigaci\u00f3n por el asesinato de una mujer, quen en vida respond\u00eda al nombre de Olga Lidia \u201cN\u201d, ultimada con disparos de arma de fuego.<\/p>\n\n\n\n<p>Al avance de las indagatorias, la Fiscal\u00eda de Guanajuato estableci\u00f3 que, alrededor de las 21:00 horas, la v\u00edctima sali\u00f3 de su domicilio ubicado en la calle Emeteria Valencia, en busca de un taxi. En ese momento, \u201cEl Antig\u00fcis\u201d se aproxim\u00f3 a bordo de una motocicleta y se detuvo delante de la ella.<\/p>\n\n\n\n<p>El imputado descendi\u00f3 y sac\u00f3 de entre sus ropas un arma corta para exigirle el pago de un adeudo, acto seguido el sujeto dispar\u00f3 el arma a corta distancia, haciendo blanco en la frente de la mujer. En el lugar, peritos aseguraron un monedero con dinero y envoltorios que en su interior conten\u00edan una sustancia cristalina.<\/p>\n\n\n\n<p>Al ser identificado y ubicado, elementos ministeriales detuvieron a MIGUEL ANGEL \u201cN\u201d acusado de homicidio calificado y posteriormente fue enviado a prisi\u00f3n, vinculado a proceso penal.<\/p>\n\n\n\n<figure class=\"wp-block-image size-large\"><img loading=\"lazy\" decoding=\"async\" width=\"1024\" height=\"576\" src=\"https:\/\/periodiconuevomilenio.com\/wp-content\/uploads\/2023\/08\/742ce40a-8d6f-4c9b-803d-91e2dca847b8-1024x576.jpg\" alt=\"\" class=\"wp-image-6111\" srcset=\"https:\/\/periodiconuevomilenio.com\/wp-content\/uploads\/2023\/08\/742ce40a-8d6f-4c9b-803d-91e2dca847b8-1024x576.jpg 1024w, https:\/\/periodiconuevomilenio.com\/wp-content\/uploads\/2023\/08\/742ce40a-8d6f-4c9b-803d-91e2dca847b8-300x169.jpg 300w, https:\/\/periodiconuevomilenio.com\/wp-content\/uploads\/2023\/08\/742ce40a-8d6f-4c9b-803d-91e2dca847b8-768x432.jpg 768w, https:\/\/periodiconuevomilenio.com\/wp-content\/uploads\/2023\/08\/742ce40a-8d6f-4c9b-803d-91e2dca847b8.jpg 1280w\" sizes=\"auto, (max-width: 1024px) 100vw, 1024px\" \/><\/figure>\n\n\n\n<figure class=\"wp-block-image size-large\"><img loading=\"lazy\" decoding=\"async\" width=\"576\" height=\"1024\" src=\"https:\/\/periodiconuevomilenio.com\/wp-content\/uploads\/2023\/08\/005cc037-e323-4e2d-99bb-73657aae4626-576x1024.jpg\" alt=\"\" class=\"wp-image-6110\" srcset=\"https:\/\/periodiconuevomilenio.com\/wp-content\/uploads\/2023\/08\/005cc037-e323-4e2d-99bb-73657aae4626-576x1024.jpg 576w, https:\/\/periodiconuevomilenio.com\/wp-content\/uploads\/2023\/08\/005cc037-e323-4e2d-99bb-73657aae4626-169x300.jpg 169w, https:\/\/periodiconuevomilenio.com\/wp-content\/uploads\/2023\/08\/005cc037-e323-4e2d-99bb-73657aae4626.jpg 720w\" sizes=\"auto, (max-width: 576px) 100vw, 576px\" \/><\/figure>\n\n\n","protected":false},"excerpt":{"rendered":"<p>Salamanca, Gto., 04 de agosto de 2023.- Elementos de la Agencia de Investigaci\u00f3n Criminal ubicaron y detuvieron a<\/p>\n","protected":false},"author":1,"featured_media":6111,"comment_status":"open","ping_status":"open","sticky":false,"template":"","format":"standard","meta":{"jetpack_post_was_ever_published":false,"_jetpack_newsletter_access":"","_jetpack_dont_email_post_to_subs":false,"_jetpack_newsletter_tier_id":0,"_jetpack_memberships_contains_paywalled_content":false,"_jetpack_memberships_contains_paid_content":false,"footnotes":"","jetpack_publicize_message":"","jetpack_publicize_feature_enabled":false,"jetpack_social_post_already_shared":false,"jetpack_social_options":{"image_generator_settings":{"template":"highway","enabled":false},"version":2}},"categories":[31,48],"tags":[],"class_list":["post-6109","post","type-post","status-publish","format-standard","has-post-thumbnail","hentry","category-estado","category-policiaca"],"jetpack_publicize_connections":[],"jetpack_sharing_enabled":true,"jetpack_featured_media_url":"https:\/\/periodiconuevomilenio.com\/wp-content\/uploads\/2023\/08\/742ce40a-8d6f-4c9b-803d-91e2dca847b8.jpg","_links":{"self":[{"href":"https:\/\/periodiconuevomilenio.com\/index.php\/wp-json\/wp\/v2\/posts\/6109","targetHints":{"allow":["GET"]}}],"collection":[{"href":"https:\/\/periodiconuevomilenio.com\/index.php\/wp-json\/wp\/v2\/posts"}],"about":[{"href":"https:\/\/periodiconuevomilenio.com\/index.php\/wp-json\/wp\/v2\/types\/post"}],"author":[{"embeddable":true,"href":"https:\/\/periodiconuevomilenio.com\/index.php\/wp-json\/wp\/v2\/users\/1"}],"replies":[{"embeddable":true,"href":"https:\/\/periodiconuevomilenio.com\/index.php\/wp-json\/wp\/v2\/comments?post=6109"}],"version-history":[{"count":1,"href":"https:\/\/periodiconuevomilenio.com\/index.php\/wp-json\/wp\/v2\/posts\/6109\/revisions"}],"predecessor-version":[{"id":6112,"href":"https:\/\/periodiconuevomilenio.com\/index.php\/wp-json\/wp\/v2\/posts\/6109\/revisions\/6112"}],"wp:featuredmedia":[{"embeddable":true,"href":"https:\/\/periodiconuevomilenio.com\/index.php\/wp-json\/wp\/v2\/media\/6111"}],"wp:attachment":[{"href":"https:\/\/periodiconuevomilenio.com\/index.php\/wp-json\/wp\/v2\/media?parent=6109"}],"wp:term":[{"taxonomy":"category","embeddable":true,"href":"https:\/\/periodiconuevomilenio.com\/index.php\/wp-json\/wp\/v2\/categories?post=6109"},{"taxonomy":"post_tag","embeddable":true,"href":"https:\/\/periodiconuevomilenio.com\/index.php\/wp-json\/wp\/v2\/tags?post=6109"}],"curies":[{"name":"wp","href":"https:\/\/api.w.org\/{rel}","templated":true}]}}