{"id":6332,"date":"2023-08-11T15:47:44","date_gmt":"2023-08-11T21:47:44","guid":{"rendered":"https:\/\/periodiconuevomilenio.com\/?p=6332"},"modified":"2023-08-11T15:47:45","modified_gmt":"2023-08-11T21:47:45","slug":"internos-de-un-anexo-van-a-prision-acusados-de-homicidio-en-leon","status":"publish","type":"post","link":"https:\/\/periodiconuevomilenio.com\/index.php\/2023\/08\/11\/internos-de-un-anexo-van-a-prision-acusados-de-homicidio-en-leon\/","title":{"rendered":"INTERNOS DE UN ANEXO VAN A PRISI\u00d3N ACUSADOS DE HOMICIDIO EN LE\u00d3N"},"content":{"rendered":"\n<p>Le\u00f3n, Gto.- 11 de agosto de 2023.- La Fiscal\u00eda de Guanajuato present\u00f3 al Juez, elementos que acreditan la probable participaci\u00f3n de cinco sujetos en el asesinato de un hombre de 40 a\u00f1os, a quien golpearon brutalmente para huir de un centro de rehabilitaci\u00f3n ubicado en la colonia San Juan de Dios, en Le\u00f3n.<\/p>\n\n\n\n<p>El pasado 25 de julio de este a\u00f1o, la Unidad de Homicidios, tuvo conocimiento de un masculino fallecido al interior de un centro para tratar las adicciones, ubicado en la calle Manuel Doblado, donde peritos y agentes ministeriales iniciaron una investigaci\u00f3n por homicidio, ya que el cad\u00e1ver presentaba signos de violencia.<\/p>\n\n\n\n<p>Durante las primeras indagatorias se logr\u00f3 establecer la identidad del hoy occiso, Jorge Oswaldo \u201cN\u201d de 40 a\u00f1os, as\u00ed como la identidad de los presuntos homicidas, por quienes se giraron \u00f3rdenes de aprehensi\u00f3n para su captura.<\/p>\n\n\n\n<p>Posterior a que huyeron, MOIS\u00c9S \u201cN\u201d alias \u00abEl Apacito\u00bb, JOS\u00c9 DE JES\u00daS \u201cN\u201d alias \u00abChuy\u00bb, CHRISTIAN DANIEL \u201cN\u201d, CHRISTIAN MART\u00cdN \u201cN\u201d y JORGE \u201cN\u201d alias \u00abPadre Paloma\u00bb, fueron ubicados y detenidos por la Agencia de Investigaci\u00f3n Criminal; las pruebas periciales realizadas en la escena del crimen acreditaron la probable intervenci\u00f3n de los imputados en el asesinato de Jorge Oswaldo, quien intent\u00f3 detenerlos cuando agredieron al encargado del anexo.<\/p>\n\n\n\n<p>Una vez que fueron llevados ante un Juez, el Ministerio P\u00fablico finc\u00f3 cargos por homicidio calificado en su contra y basado en las pruebas, la autoridad judicial resolvi\u00f3 enviando a los imputados a prisi\u00f3n, vinculados a proceso penal con medida cautelar de prisi\u00f3n preventiva hasta que se definan sus sentencias.<\/p>\n\n\n\n<figure class=\"wp-block-image size-large\"><img loading=\"lazy\" decoding=\"async\" width=\"1024\" height=\"576\" src=\"https:\/\/periodiconuevomilenio.com\/wp-content\/uploads\/2023\/08\/WhatsApp-Image-2023-08-11-at-2.45.29-PM-1024x576.jpeg\" alt=\"\" class=\"wp-image-6333\" srcset=\"https:\/\/periodiconuevomilenio.com\/wp-content\/uploads\/2023\/08\/WhatsApp-Image-2023-08-11-at-2.45.29-PM-1024x576.jpeg 1024w, https:\/\/periodiconuevomilenio.com\/wp-content\/uploads\/2023\/08\/WhatsApp-Image-2023-08-11-at-2.45.29-PM-300x169.jpeg 300w, https:\/\/periodiconuevomilenio.com\/wp-content\/uploads\/2023\/08\/WhatsApp-Image-2023-08-11-at-2.45.29-PM-768x432.jpeg 768w, https:\/\/periodiconuevomilenio.com\/wp-content\/uploads\/2023\/08\/WhatsApp-Image-2023-08-11-at-2.45.29-PM.jpeg 1280w\" sizes=\"auto, (max-width: 1024px) 100vw, 1024px\" \/><\/figure>\n\n\n\n<figure class=\"wp-block-gallery has-nested-images columns-default is-cropped wp-block-gallery-1 is-layout-flex wp-block-gallery-is-layout-flex\"><\/figure>\n","protected":false},"excerpt":{"rendered":"<p>Le\u00f3n, Gto.- 11 de agosto de 2023.- La Fiscal\u00eda de Guanajuato present\u00f3 al Juez, elementos que acreditan la<\/p>\n","protected":false},"author":1,"featured_media":6333,"comment_status":"open","ping_status":"open","sticky":false,"template":"","format":"standard","meta":{"jetpack_post_was_ever_published":false,"_jetpack_newsletter_access":"","_jetpack_dont_email_post_to_subs":false,"_jetpack_newsletter_tier_id":0,"_jetpack_memberships_contains_paywalled_content":false,"_jetpack_memberships_contains_paid_content":false,"footnotes":"","jetpack_publicize_message":"","jetpack_publicize_feature_enabled":false,"jetpack_social_post_already_shared":false,"jetpack_social_options":{"image_generator_settings":{"template":"highway","enabled":false},"version":2}},"categories":[31,48],"tags":[51],"class_list":["post-6332","post","type-post","status-publish","format-standard","has-post-thumbnail","hentry","category-estado","category-policiaca","tag-estado"],"jetpack_publicize_connections":[],"jetpack_sharing_enabled":true,"jetpack_featured_media_url":"https:\/\/periodiconuevomilenio.com\/wp-content\/uploads\/2023\/08\/WhatsApp-Image-2023-08-11-at-2.45.29-PM.jpeg","_links":{"self":[{"href":"https:\/\/periodiconuevomilenio.com\/index.php\/wp-json\/wp\/v2\/posts\/6332","targetHints":{"allow":["GET"]}}],"collection":[{"href":"https:\/\/periodiconuevomilenio.com\/index.php\/wp-json\/wp\/v2\/posts"}],"about":[{"href":"https:\/\/periodiconuevomilenio.com\/index.php\/wp-json\/wp\/v2\/types\/post"}],"author":[{"embeddable":true,"href":"https:\/\/periodiconuevomilenio.com\/index.php\/wp-json\/wp\/v2\/users\/1"}],"replies":[{"embeddable":true,"href":"https:\/\/periodiconuevomilenio.com\/index.php\/wp-json\/wp\/v2\/comments?post=6332"}],"version-history":[{"count":1,"href":"https:\/\/periodiconuevomilenio.com\/index.php\/wp-json\/wp\/v2\/posts\/6332\/revisions"}],"predecessor-version":[{"id":6334,"href":"https:\/\/periodiconuevomilenio.com\/index.php\/wp-json\/wp\/v2\/posts\/6332\/revisions\/6334"}],"wp:featuredmedia":[{"embeddable":true,"href":"https:\/\/periodiconuevomilenio.com\/index.php\/wp-json\/wp\/v2\/media\/6333"}],"wp:attachment":[{"href":"https:\/\/periodiconuevomilenio.com\/index.php\/wp-json\/wp\/v2\/media?parent=6332"}],"wp:term":[{"taxonomy":"category","embeddable":true,"href":"https:\/\/periodiconuevomilenio.com\/index.php\/wp-json\/wp\/v2\/categories?post=6332"},{"taxonomy":"post_tag","embeddable":true,"href":"https:\/\/periodiconuevomilenio.com\/index.php\/wp-json\/wp\/v2\/tags?post=6332"}],"curies":[{"name":"wp","href":"https:\/\/api.w.org\/{rel}","templated":true}]}}