{"id":6366,"date":"2023-08-13T12:30:08","date_gmt":"2023-08-13T18:30:08","guid":{"rendered":"https:\/\/periodiconuevomilenio.com\/?p=6366"},"modified":"2023-08-13T12:30:10","modified_gmt":"2023-08-13T18:30:10","slug":"van-a-prision-presuntos-salteadores-de-caminos-en-san-miguel-de-allende","status":"publish","type":"post","link":"https:\/\/periodiconuevomilenio.com\/index.php\/2023\/08\/13\/van-a-prision-presuntos-salteadores-de-caminos-en-san-miguel-de-allende\/","title":{"rendered":"VAN A PRISI\u00d3N PRESUNTOS SALTEADORES DE CAMINOS EN SAN MIGUEL DE ALLENDE"},"content":{"rendered":"\n<p>San Miguel de Allende, Gto., 13 de agosto de 2023.- La Fiscal\u00eda de Guanajuato obtuvo prisi\u00f3n para dos presuntos salteadores de caminos. Los sujetos, a bordo de una camioneta con vidrios polarizados y con pistola en mano, despojaron de su veh\u00edculo y pertenencias a un sanmiguelense.<\/p>\n\n\n\n<p>Los hechos fueron reportados, el pasado 04 de agosto de este a\u00f1o, cuando el ofendido se encontraba estacionado en el veh\u00edculo a su cargo, propiedad de una empresa local, en la carretera a la entrada de la comunidad Corral de Piedras, cerca del pol\u00edgono industrial, momento en que se acerc\u00f3 una camioneta con vidrios polarizados.<\/p>\n\n\n\n<p>De la unidad se bajaron dos sujetos con un arma de fuego con la que apuntaron hacia el ofendido mientras se acercaban por la puerta del conductor dici\u00e9ndole que se bajara o lo iban a tronar. La v\u00edctima fue abordada con violencia a la camioneta de los agresores y posteriormente lo bajaron cerca de Fracci\u00f3n de Lourdes.<\/p>\n\n\n\n<p>La oportuna movilizaci\u00f3n de la polic\u00eda result\u00f3 en la detenci\u00f3n de los imputados en la ciudad de Quer\u00e9taro; al ser detenidos se les asegur\u00f3 el arma de fuego envuelta en una franela y el celular del ofendido.<\/p>\n\n\n\n<p>Todo qued\u00f3 plasmado en la carpeta de investigaci\u00f3n que inici\u00f3 el Ministerio P\u00fablico, luego de haber realizado los peritajes y pruebas de laboratorio para lograr acreditar la intervenci\u00f3n de los detenidos en el violento asalto.<\/p>\n\n\n\n<p>MIGUEL \u201cN\u201d y JORGE LUIS \u201cN\u201d, fueron presentados ante un Juez y ya se encuentran en la c\u00e1rcel vinculados a proceso por los delitos de robo calificado y privaci\u00f3n de la libertad agravada.<\/p>\n\n\n\n<figure class=\"wp-block-image size-large\"><img loading=\"lazy\" decoding=\"async\" width=\"1024\" height=\"576\" src=\"https:\/\/periodiconuevomilenio.com\/wp-content\/uploads\/2023\/08\/WhatsApp-Image-2023-08-13-at-1.00.17-PM-1024x576.jpeg\" alt=\"\" class=\"wp-image-6367\" srcset=\"https:\/\/periodiconuevomilenio.com\/wp-content\/uploads\/2023\/08\/WhatsApp-Image-2023-08-13-at-1.00.17-PM-1024x576.jpeg 1024w, https:\/\/periodiconuevomilenio.com\/wp-content\/uploads\/2023\/08\/WhatsApp-Image-2023-08-13-at-1.00.17-PM-300x169.jpeg 300w, https:\/\/periodiconuevomilenio.com\/wp-content\/uploads\/2023\/08\/WhatsApp-Image-2023-08-13-at-1.00.17-PM-768x432.jpeg 768w, https:\/\/periodiconuevomilenio.com\/wp-content\/uploads\/2023\/08\/WhatsApp-Image-2023-08-13-at-1.00.17-PM.jpeg 1280w\" sizes=\"auto, (max-width: 1024px) 100vw, 1024px\" \/><\/figure>\n\n\n\n<figure class=\"wp-block-gallery has-nested-images columns-default is-cropped wp-block-gallery-1 is-layout-flex wp-block-gallery-is-layout-flex\"><\/figure>\n","protected":false},"excerpt":{"rendered":"<p>San Miguel de Allende, Gto., 13 de agosto de 2023.- La Fiscal\u00eda de Guanajuato obtuvo prisi\u00f3n para dos<\/p>\n","protected":false},"author":1,"featured_media":6367,"comment_status":"open","ping_status":"open","sticky":false,"template":"","format":"standard","meta":{"jetpack_post_was_ever_published":false,"_jetpack_newsletter_access":"","_jetpack_dont_email_post_to_subs":false,"_jetpack_newsletter_tier_id":0,"_jetpack_memberships_contains_paywalled_content":false,"_jetpack_memberships_contains_paid_content":false,"footnotes":"","jetpack_publicize_message":"","jetpack_publicize_feature_enabled":false,"jetpack_social_post_already_shared":false,"jetpack_social_options":{"image_generator_settings":{"template":"highway","enabled":false},"version":2}},"categories":[31,48],"tags":[51],"class_list":["post-6366","post","type-post","status-publish","format-standard","has-post-thumbnail","hentry","category-estado","category-policiaca","tag-estado"],"jetpack_publicize_connections":[],"jetpack_sharing_enabled":true,"jetpack_featured_media_url":"https:\/\/periodiconuevomilenio.com\/wp-content\/uploads\/2023\/08\/WhatsApp-Image-2023-08-13-at-1.00.17-PM.jpeg","_links":{"self":[{"href":"https:\/\/periodiconuevomilenio.com\/index.php\/wp-json\/wp\/v2\/posts\/6366","targetHints":{"allow":["GET"]}}],"collection":[{"href":"https:\/\/periodiconuevomilenio.com\/index.php\/wp-json\/wp\/v2\/posts"}],"about":[{"href":"https:\/\/periodiconuevomilenio.com\/index.php\/wp-json\/wp\/v2\/types\/post"}],"author":[{"embeddable":true,"href":"https:\/\/periodiconuevomilenio.com\/index.php\/wp-json\/wp\/v2\/users\/1"}],"replies":[{"embeddable":true,"href":"https:\/\/periodiconuevomilenio.com\/index.php\/wp-json\/wp\/v2\/comments?post=6366"}],"version-history":[{"count":1,"href":"https:\/\/periodiconuevomilenio.com\/index.php\/wp-json\/wp\/v2\/posts\/6366\/revisions"}],"predecessor-version":[{"id":6368,"href":"https:\/\/periodiconuevomilenio.com\/index.php\/wp-json\/wp\/v2\/posts\/6366\/revisions\/6368"}],"wp:featuredmedia":[{"embeddable":true,"href":"https:\/\/periodiconuevomilenio.com\/index.php\/wp-json\/wp\/v2\/media\/6367"}],"wp:attachment":[{"href":"https:\/\/periodiconuevomilenio.com\/index.php\/wp-json\/wp\/v2\/media?parent=6366"}],"wp:term":[{"taxonomy":"category","embeddable":true,"href":"https:\/\/periodiconuevomilenio.com\/index.php\/wp-json\/wp\/v2\/categories?post=6366"},{"taxonomy":"post_tag","embeddable":true,"href":"https:\/\/periodiconuevomilenio.com\/index.php\/wp-json\/wp\/v2\/tags?post=6366"}],"curies":[{"name":"wp","href":"https:\/\/api.w.org\/{rel}","templated":true}]}}