{"id":6390,"date":"2023-08-15T01:29:24","date_gmt":"2023-08-15T07:29:24","guid":{"rendered":"https:\/\/periodiconuevomilenio.com\/?p=6390"},"modified":"2023-08-15T01:29:25","modified_gmt":"2023-08-15T07:29:25","slug":"elementos-de-la-aic-detienen-a-el-chascuas-por-doble-homicidio-cometido-en-san-luis-de-la-paz","status":"publish","type":"post","link":"https:\/\/periodiconuevomilenio.com\/index.php\/2023\/08\/15\/elementos-de-la-aic-detienen-a-el-chascuas-por-doble-homicidio-cometido-en-san-luis-de-la-paz\/","title":{"rendered":"ELEMENTOS DE LA AIC DETIENEN A \u201cEL CHASCUAS\u201d POR DOBLE HOMICIDIO COMETIDO EN SAN LUIS DE LA PAZ"},"content":{"rendered":"\n<p>San Luis de la Paz, Gto., 14 de agosto de 2023.- La Fiscal\u00eda de Guanajuato detuvo a un presunto homicida acusado del asesinato de una pareja en la comunidad Paredones en San Luis de la Paz. El imputado entr\u00f3 armado en el domicilio de Jos\u00e9 David \u201cN\u201d e Hilda Paola \u201cN\u201d, a quienes masacr\u00f3 de varios balazos.<\/p>\n\n\n\n<p>Actos de investigaci\u00f3n realizados bajo la conducci\u00f3n del Ministerio P\u00fablico, condujeron a la detenci\u00f3n de DANIEL ALEJANDRO \u201cN\u201d, por existir pruebas que acreditan su probable responsabilidad en el doble homicidio, reportado el 07 de mayo de 2022, en dicha comunidad.<\/p>\n\n\n\n<p>A lo largo de un a\u00f1o, este sujeto apodado \u201cEl Chascuas\u201d, se mantuvo huyendo hasta que Agentes de Investigaci\u00f3n Criminal lo ubicaron y detuvieron con orden de aprehensi\u00f3n para llevarlo ante un Juez.<\/p>\n\n\n\n<p>De acuerdo a la investigaci\u00f3n del Ministerio P\u00fablico, la madrugada del d\u00eda de los hechos, los ofendidos se encontraban en su domicilio en la comunidad de Paredones, cuando aproximadamente a las 04:00 horas, ingres\u00f3 al inmueble un sujeto armado que comenz\u00f3 a disparar, causando la muerte inmediata de la pareja.<\/p>\n\n\n\n<p>Al procesar la escena, peritos forenses localizaron decenas de casquillos percutidos de arma larga, un artefacto tipo granada, entre otros objetos, cuyo an\u00e1lisis en laboratorio arroj\u00f3 informaci\u00f3n que fue presentada ante la autoridad judicial para obtener la vinculaci\u00f3n a proceso penal de \u201cEl Chascuas\u201d, por los homicidios de Hilda Paola y Jos\u00e9 David.<\/p>\n\n\n\n<figure class=\"wp-block-image size-large\"><img loading=\"lazy\" decoding=\"async\" width=\"1024\" height=\"576\" src=\"https:\/\/periodiconuevomilenio.com\/wp-content\/uploads\/2023\/08\/WhatsApp-Image-2023-08-14-at-6.03.43-PM-1024x576.jpeg\" alt=\"\" class=\"wp-image-6392\" srcset=\"https:\/\/periodiconuevomilenio.com\/wp-content\/uploads\/2023\/08\/WhatsApp-Image-2023-08-14-at-6.03.43-PM-1024x576.jpeg 1024w, https:\/\/periodiconuevomilenio.com\/wp-content\/uploads\/2023\/08\/WhatsApp-Image-2023-08-14-at-6.03.43-PM-300x169.jpeg 300w, https:\/\/periodiconuevomilenio.com\/wp-content\/uploads\/2023\/08\/WhatsApp-Image-2023-08-14-at-6.03.43-PM-768x432.jpeg 768w, https:\/\/periodiconuevomilenio.com\/wp-content\/uploads\/2023\/08\/WhatsApp-Image-2023-08-14-at-6.03.43-PM.jpeg 1280w\" sizes=\"auto, (max-width: 1024px) 100vw, 1024px\" \/><\/figure>\n\n\n\n<figure class=\"wp-block-gallery has-nested-images columns-default is-cropped wp-block-gallery-1 is-layout-flex wp-block-gallery-is-layout-flex\">\n<figure class=\"wp-block-image size-large\"><img loading=\"lazy\" decoding=\"async\" width=\"576\" height=\"1024\" data-id=\"6391\" src=\"https:\/\/periodiconuevomilenio.com\/wp-content\/uploads\/2023\/08\/WhatsApp-Image-2023-08-14-at-6.03.45-PM-576x1024.jpeg\" alt=\"\" class=\"wp-image-6391\" srcset=\"https:\/\/periodiconuevomilenio.com\/wp-content\/uploads\/2023\/08\/WhatsApp-Image-2023-08-14-at-6.03.45-PM-576x1024.jpeg 576w, https:\/\/periodiconuevomilenio.com\/wp-content\/uploads\/2023\/08\/WhatsApp-Image-2023-08-14-at-6.03.45-PM-169x300.jpeg 169w, https:\/\/periodiconuevomilenio.com\/wp-content\/uploads\/2023\/08\/WhatsApp-Image-2023-08-14-at-6.03.45-PM.jpeg 720w\" sizes=\"auto, (max-width: 576px) 100vw, 576px\" \/><\/figure>\n<\/figure>\n","protected":false},"excerpt":{"rendered":"<p>San Luis de la Paz, Gto., 14 de agosto de 2023.- La Fiscal\u00eda de Guanajuato detuvo a un<\/p>\n","protected":false},"author":1,"featured_media":6392,"comment_status":"open","ping_status":"open","sticky":false,"template":"","format":"standard","meta":{"jetpack_post_was_ever_published":false,"_jetpack_newsletter_access":"","_jetpack_dont_email_post_to_subs":false,"_jetpack_newsletter_tier_id":0,"_jetpack_memberships_contains_paywalled_content":false,"_jetpack_memberships_contains_paid_content":false,"footnotes":"","jetpack_publicize_message":"","jetpack_publicize_feature_enabled":false,"jetpack_social_post_already_shared":false,"jetpack_social_options":{"image_generator_settings":{"template":"highway","enabled":false},"version":2}},"categories":[31,48],"tags":[51],"class_list":["post-6390","post","type-post","status-publish","format-standard","has-post-thumbnail","hentry","category-estado","category-policiaca","tag-estado"],"jetpack_publicize_connections":[],"jetpack_sharing_enabled":true,"jetpack_featured_media_url":"https:\/\/periodiconuevomilenio.com\/wp-content\/uploads\/2023\/08\/WhatsApp-Image-2023-08-14-at-6.03.43-PM.jpeg","_links":{"self":[{"href":"https:\/\/periodiconuevomilenio.com\/index.php\/wp-json\/wp\/v2\/posts\/6390","targetHints":{"allow":["GET"]}}],"collection":[{"href":"https:\/\/periodiconuevomilenio.com\/index.php\/wp-json\/wp\/v2\/posts"}],"about":[{"href":"https:\/\/periodiconuevomilenio.com\/index.php\/wp-json\/wp\/v2\/types\/post"}],"author":[{"embeddable":true,"href":"https:\/\/periodiconuevomilenio.com\/index.php\/wp-json\/wp\/v2\/users\/1"}],"replies":[{"embeddable":true,"href":"https:\/\/periodiconuevomilenio.com\/index.php\/wp-json\/wp\/v2\/comments?post=6390"}],"version-history":[{"count":1,"href":"https:\/\/periodiconuevomilenio.com\/index.php\/wp-json\/wp\/v2\/posts\/6390\/revisions"}],"predecessor-version":[{"id":6393,"href":"https:\/\/periodiconuevomilenio.com\/index.php\/wp-json\/wp\/v2\/posts\/6390\/revisions\/6393"}],"wp:featuredmedia":[{"embeddable":true,"href":"https:\/\/periodiconuevomilenio.com\/index.php\/wp-json\/wp\/v2\/media\/6392"}],"wp:attachment":[{"href":"https:\/\/periodiconuevomilenio.com\/index.php\/wp-json\/wp\/v2\/media?parent=6390"}],"wp:term":[{"taxonomy":"category","embeddable":true,"href":"https:\/\/periodiconuevomilenio.com\/index.php\/wp-json\/wp\/v2\/categories?post=6390"},{"taxonomy":"post_tag","embeddable":true,"href":"https:\/\/periodiconuevomilenio.com\/index.php\/wp-json\/wp\/v2\/tags?post=6390"}],"curies":[{"name":"wp","href":"https:\/\/api.w.org\/{rel}","templated":true}]}}