{"id":6395,"date":"2023-08-15T08:53:35","date_gmt":"2023-08-15T14:53:35","guid":{"rendered":"https:\/\/periodiconuevomilenio.com\/?p=6395"},"modified":"2023-08-15T08:53:37","modified_gmt":"2023-08-15T14:53:37","slug":"guanajuato-tiene-centros-de-registro-del-frente-amplio-por-mexico-en-los-46-municipios","status":"publish","type":"post","link":"https:\/\/periodiconuevomilenio.com\/index.php\/2023\/08\/15\/guanajuato-tiene-centros-de-registro-del-frente-amplio-por-mexico-en-los-46-municipios\/","title":{"rendered":"GUANAJUATO \u00a0TIENE \u00a0CENTROS \u00a0DE \u00a0REGISTRO \u00a0DEL \u00a0FRENTE AMPLIO POR M\u00c9XICO EN LOS 46 MUNICIPIOS"},"content":{"rendered":"\n<p><strong>\u2022&nbsp;&nbsp;&nbsp;&nbsp;&nbsp;&nbsp;&nbsp;&nbsp; &nbsp;Somos el cuarto estado con m\u00e1s participaci\u00f3n ciudadana en el pa\u00eds.<\/strong><\/p>\n\n\n\n<p><strong>\u2022&nbsp;&nbsp;&nbsp;&nbsp;&nbsp;&nbsp;&nbsp;&nbsp; &nbsp;Tenemos hasta el 20 de agosto para participar en esta consulta hist\u00f3rica. Le\u00f3n, Guanajuato a 14 de agosto del 2023. <\/strong>Durante rueda de prensa presidida por el<\/p>\n\n\n\n<p>Comit\u00e9 Organizador del Frente Amplio por M\u00e9xico en Guanajuato, se inform\u00f3 que cada uno de los 46 municipios del estado cuenta con centros en los que la ciudadan\u00eda puede<\/p>\n\n\n\n<p>registrarse para participar en el ejercicio hist\u00f3rico que representa el FAM.<\/p>\n\n\n\n<p>Tanto en comit\u00e9s directivos municipales de los partidos pol\u00edticos part\u00edcipes, as\u00ed como en plazas p\u00fablicas, colonias y comunidades rurales, las y los guanajuatenses pueden acudir para inscribirse en el listado de participantes en la recuperaci\u00f3n del pa\u00eds.<\/p>\n\n\n\n<p>Las y los interesados tienen hasta el domingo 20 de agosto para participar.<\/p>\n\n\n\n<p>Es importante que, a la hora de acudir a los m\u00f3dulos, las personas cuenten con su credencial para votar INE vigente. Esto es un requisito indispensable para registrarse digitalmente en las plataformas.<\/p>\n\n\n\n<p>La poblaci\u00f3n tambi\u00e9n podr\u00e1 utilizar los siguientes links para inscribirse:<\/p>\n\n\n\n<p>&#8211;&nbsp;&nbsp;&nbsp;&nbsp;&nbsp;&nbsp;&nbsp;&nbsp;&nbsp; <a href=\"http:\/\/www.frenteampliopormexico.org.mx\/\">&nbsp;&nbsp;www. f r ent eam plioporm exico.or g. m x<\/a><\/p>\n\n\n\n<p>&#8211;&nbsp;&nbsp;&nbsp;&nbsp;&nbsp;&nbsp;&nbsp;&nbsp;&nbsp; <a href=\"http:\/\/www.enrolamientopan.mx\/\">&nbsp;&nbsp;www. enr olamientopan. mx<\/a><\/p>\n\n\n\n<p>&#8211;&nbsp;&nbsp;&nbsp;&nbsp;&nbsp;&nbsp;&nbsp;&nbsp;&nbsp; <a href=\"http:\/\/www.enrolamientopri.mx\/\">&nbsp;&nbsp;www. enr olamientopr i. m x<\/a><\/p>\n\n\n\n<p>&#8211;&nbsp;&nbsp;&nbsp;&nbsp;&nbsp;&nbsp;&nbsp;&nbsp;&nbsp; <a href=\"http:\/\/www.enrolamientoprd.mx\/\">&nbsp;&nbsp;www. enr olamientopr d.mx<\/a><\/p>\n\n\n\n<p>&#8211;&nbsp;&nbsp;&nbsp;&nbsp;&nbsp;&nbsp;&nbsp;&nbsp;&nbsp; <a href=\"http:\/\/www.enrolamientounidos.mx\/\">&nbsp;&nbsp;www. enr olamientounidos. m x<\/a>&nbsp;<\/p>\n\n\n\n<p>Participar en el Frente Amplio por M\u00e9xico no significa que las personas se unan a los partidos pol\u00edticos, sino que juntos como mexicanos trabajemos para salvar la naci\u00f3n.<\/p>\n\n\n\n<p>Luis &nbsp;Miguel &nbsp;Rionda, &nbsp;coordinador &nbsp;del &nbsp;Comit\u00e9 &nbsp;Organizador &nbsp;del &nbsp;FAM &nbsp;Estatal &nbsp;afirm\u00f3: \u201cGuanajuato es el cuarto estado en M\u00e9xico que cuenta con m\u00e1s simpat\u00edas de personas\u201d.<\/p>\n\n\n\n<p>El padr\u00f3n de la entidad suma m\u00e1s de 81 mil 700 ciudadanas y ciudadanos registrados en el \u00faltimo conteo, cantidad que se incrementa diariamente.<\/p>\n\n\n\n<p>Asi mismo, en el lugar se dio cuenta de las fechas de los Foros de Di\u00e1logo en los que participar\u00e1n los 4 aspirantes a encabezar la construcci\u00f3n del Frente Amplio por M\u00e9xico: X\u00f3chilt G\u00e1lvez, Santiago Creel, Beatriz Paredes y Enrique de la Madrid.<\/p>\n\n\n\n<p>Los di\u00e1logos comenzar\u00e1n el jueves 17 de agosto en la ciudad de Durango en el Hotel Gobernador a partir de las 20:00 horas, donde se abordar\u00e1n los temas de seguridad y justicia: sistema anticorrupci\u00f3n y combate a la impunidad; derecho para una vida digna e inclusi\u00f3n.<\/p>\n\n\n\n<p>Posteriormente, el s\u00e1bado 19 de agosto a las 11:00 horas la cita es en Monterrey en el Centro Cintermex, donde los temas a tratar ser\u00e1n: superaci\u00f3n de la pobreza y disminuci\u00f3n de la desigualdad; crecimiento econ\u00f3mico; sustentabilidad; ventajas de proteger el medio ambiente e inversi\u00f3n en energ\u00edas limpias.<\/p>\n\n\n\n<p>En el caso de Guanajuato, la ciudad de Le\u00f3n ser\u00e1 sede de estos di\u00e1logos el pr\u00f3ximo martes<\/p>\n\n\n\n<p>22 de agosto en las instalaciones del Poliforum Le\u00f3n a partir de las 19:00 horas. El di\u00e1logo tocar\u00e1 los temas de Salud, Programas Sociales, Educaci\u00f3n y Cultura.<\/p>\n\n\n\n<p>El jueves 24 de agosto el Foro se trasladar\u00e1 a Guadalajara en la C\u00e1mara de Comercio de igual forma a las 19:00 horas. Los temas a abordar son: M\u00e9xico y Norteam\u00e9rica; M\u00e9xico y Latinoam\u00e9rica; y el di\u00e1logo \u201c\u00bfPara qu\u00e9 preocuparnos por geopol\u00edtica? \u00bfD\u00f3nde queda M\u00e9xico?\u00bb.<\/p>\n\n\n\n<p>Para finalizar, el s\u00e1bado 26 de agosto a las 11:00 horas los foros concluyen en la ciudad de M\u00e9rida en el Centro de Convenciones Siglo XXI. Los aspirantes dialogar\u00e1n temas de g\u00e9nero como \u201cCaminar seguras\u00bb; \u201c\u00bfPor qu\u00e9 urge un Sistema Nacional de Cuidados?\u00bb; as\u00ed como \u201cModelos de desarrollo y proyectos productivos\u00bb.<\/p>\n\n\n\n<p>La rueda de prensa cont\u00f3 con la presencia de integrantes de asociaciones de la sociedad civil como Jos\u00e9 Mar\u00eda Aispuru de Unidos por M\u00e9xico; Hugo Villalobos Gonz\u00e1lez del Frente C\u00edvico Nacional; Mauricio Orozco de Poder Ciudadano; Brenda Teresa P\u00e9rez Gonz\u00e1lez del Frente C\u00edvico Nacional; as\u00ed como representantes de partidos pol\u00edticos como Emmanuel Jaime Barrientos y Estrella Ortiz del PAN; Alejandro Arias del PRI y Arturo Bravo del PRD.<\/p>\n\n\n\n<p>El Frente Amplio por M\u00e9xico integra los esfuerzos de los Partidos Acci\u00f3n Nacional (PAN), Revolucionario Institucional (PRI) y de la Revoluci\u00f3n Democr\u00e1tica (PRD), con la sociedad civil para la construcci\u00f3n de una agenda que fortalezca la defensa democr\u00e1tica, a trav\u00e9s de la participaci\u00f3n ciudadana.<\/p>\n\n\n\n<figure class=\"wp-block-gallery has-nested-images columns-default is-cropped wp-block-gallery-1 is-layout-flex wp-block-gallery-is-layout-flex\">\n<figure class=\"wp-block-image size-large\"><img loading=\"lazy\" decoding=\"async\" width=\"1024\" height=\"683\" data-id=\"6396\" src=\"https:\/\/periodiconuevomilenio.com\/wp-content\/uploads\/2023\/08\/21f36822-a314-4bd6-8304-667c89f4fe82.jpg\" alt=\"\" class=\"wp-image-6396\" srcset=\"https:\/\/periodiconuevomilenio.com\/wp-content\/uploads\/2023\/08\/21f36822-a314-4bd6-8304-667c89f4fe82.jpg 1024w, https:\/\/periodiconuevomilenio.com\/wp-content\/uploads\/2023\/08\/21f36822-a314-4bd6-8304-667c89f4fe82-300x200.jpg 300w, https:\/\/periodiconuevomilenio.com\/wp-content\/uploads\/2023\/08\/21f36822-a314-4bd6-8304-667c89f4fe82-768x512.jpg 768w\" sizes=\"auto, (max-width: 1024px) 100vw, 1024px\" \/><\/figure>\n\n\n\n<figure class=\"wp-block-image size-large\"><img loading=\"lazy\" decoding=\"async\" width=\"1024\" height=\"683\" data-id=\"6398\" src=\"https:\/\/periodiconuevomilenio.com\/wp-content\/uploads\/2023\/08\/3a12428c-0117-43f9-9bff-85b85eb3acf9.jpg\" alt=\"\" class=\"wp-image-6398\" srcset=\"https:\/\/periodiconuevomilenio.com\/wp-content\/uploads\/2023\/08\/3a12428c-0117-43f9-9bff-85b85eb3acf9.jpg 1024w, https:\/\/periodiconuevomilenio.com\/wp-content\/uploads\/2023\/08\/3a12428c-0117-43f9-9bff-85b85eb3acf9-300x200.jpg 300w, https:\/\/periodiconuevomilenio.com\/wp-content\/uploads\/2023\/08\/3a12428c-0117-43f9-9bff-85b85eb3acf9-768x512.jpg 768w\" sizes=\"auto, (max-width: 1024px) 100vw, 1024px\" \/><\/figure>\n\n\n\n<figure class=\"wp-block-image size-large\"><img loading=\"lazy\" decoding=\"async\" width=\"1024\" height=\"683\" data-id=\"6399\" src=\"https:\/\/periodiconuevomilenio.com\/wp-content\/uploads\/2023\/08\/cc716190-e974-4658-9f16-5189b6d65f9f.jpg\" alt=\"\" class=\"wp-image-6399\" srcset=\"https:\/\/periodiconuevomilenio.com\/wp-content\/uploads\/2023\/08\/cc716190-e974-4658-9f16-5189b6d65f9f.jpg 1024w, https:\/\/periodiconuevomilenio.com\/wp-content\/uploads\/2023\/08\/cc716190-e974-4658-9f16-5189b6d65f9f-300x200.jpg 300w, https:\/\/periodiconuevomilenio.com\/wp-content\/uploads\/2023\/08\/cc716190-e974-4658-9f16-5189b6d65f9f-768x512.jpg 768w\" sizes=\"auto, (max-width: 1024px) 100vw, 1024px\" \/><\/figure>\n<\/figure>\n\n\n\n<p>Unidos por M\u00e9xico Frente C\u00edvico Nacional Poder Ciudadano Partido Acci\u00f3n Nacional<\/p>\n\n\n\n<p>Partido Revolucionario Institucional<\/p>\n\n\n\n<p>Partido de la Revoluci\u00f3n Democr\u00e1tica<\/p>\n","protected":false},"excerpt":{"rendered":"<p>\u2022&nbsp;&nbsp;&nbsp;&nbsp;&nbsp;&nbsp;&nbsp;&nbsp; &nbsp;Somos el cuarto estado con m\u00e1s participaci\u00f3n ciudadana en el pa\u00eds. \u2022&nbsp;&nbsp;&nbsp;&nbsp;&nbsp;&nbsp;&nbsp;&nbsp; &nbsp;Tenemos hasta el 20 de<\/p>\n","protected":false},"author":1,"featured_media":0,"comment_status":"open","ping_status":"open","sticky":false,"template":"","format":"standard","meta":{"jetpack_post_was_ever_published":false,"_jetpack_newsletter_access":"","_jetpack_dont_email_post_to_subs":false,"_jetpack_newsletter_tier_id":0,"_jetpack_memberships_contains_paywalled_content":false,"_jetpack_memberships_contains_paid_content":false,"footnotes":"","jetpack_publicize_message":"","jetpack_publicize_feature_enabled":false,"jetpack_social_post_already_shared":false,"jetpack_social_options":{"image_generator_settings":{"template":"highway","enabled":false},"version":2}},"categories":[31],"tags":[51],"class_list":["post-6395","post","type-post","status-publish","format-standard","hentry","category-estado","tag-estado"],"jetpack_publicize_connections":[],"jetpack_sharing_enabled":true,"jetpack_featured_media_url":"","_links":{"self":[{"href":"https:\/\/periodiconuevomilenio.com\/index.php\/wp-json\/wp\/v2\/posts\/6395","targetHints":{"allow":["GET"]}}],"collection":[{"href":"https:\/\/periodiconuevomilenio.com\/index.php\/wp-json\/wp\/v2\/posts"}],"about":[{"href":"https:\/\/periodiconuevomilenio.com\/index.php\/wp-json\/wp\/v2\/types\/post"}],"author":[{"embeddable":true,"href":"https:\/\/periodiconuevomilenio.com\/index.php\/wp-json\/wp\/v2\/users\/1"}],"replies":[{"embeddable":true,"href":"https:\/\/periodiconuevomilenio.com\/index.php\/wp-json\/wp\/v2\/comments?post=6395"}],"version-history":[{"count":1,"href":"https:\/\/periodiconuevomilenio.com\/index.php\/wp-json\/wp\/v2\/posts\/6395\/revisions"}],"predecessor-version":[{"id":6400,"href":"https:\/\/periodiconuevomilenio.com\/index.php\/wp-json\/wp\/v2\/posts\/6395\/revisions\/6400"}],"wp:attachment":[{"href":"https:\/\/periodiconuevomilenio.com\/index.php\/wp-json\/wp\/v2\/media?parent=6395"}],"wp:term":[{"taxonomy":"category","embeddable":true,"href":"https:\/\/periodiconuevomilenio.com\/index.php\/wp-json\/wp\/v2\/categories?post=6395"},{"taxonomy":"post_tag","embeddable":true,"href":"https:\/\/periodiconuevomilenio.com\/index.php\/wp-json\/wp\/v2\/tags?post=6395"}],"curies":[{"name":"wp","href":"https:\/\/api.w.org\/{rel}","templated":true}]}}