{"id":6411,"date":"2023-08-15T21:18:12","date_gmt":"2023-08-16T03:18:12","guid":{"rendered":"https:\/\/periodiconuevomilenio.com\/?p=6411"},"modified":"2023-08-15T21:18:13","modified_gmt":"2023-08-16T03:18:13","slug":"se-realiza-la-fase-intensiva-del-consejo-tecnico-escolar","status":"publish","type":"post","link":"https:\/\/periodiconuevomilenio.com\/index.php\/2023\/08\/15\/se-realiza-la-fase-intensiva-del-consejo-tecnico-escolar\/","title":{"rendered":"Se realiza la Fase Intensiva del Consejo T\u00e9cnico Escolar"},"content":{"rendered":"\n<ul class=\"wp-block-list\">\n<li><strong>Se trabajar\u00e1 en 5 sesiones de an\u00e1lisis y planeaci\u00f3n.<\/strong><\/li>\n<\/ul>\n\n\n\n<p><strong>Abasolo, Gto. 15 de agosto de 2023<\/strong>.- La Secretar\u00eda de Educaci\u00f3n de Guanajuato, a trav\u00e9s de la Delegaci\u00f3n VI, lleva a cabo la Fase Intensiva del Consejo T\u00e9cnico Escolar, en el cual participan supervisores, jefes de sector y apoyos t\u00e9cnicos de Educaci\u00f3n B\u00e1sica, con el objetivo de analizar el trabajo realizado en el ciclo escolar que termin\u00f3, as\u00ed como realizar los preparativos del pr\u00f3ximo ciclo escolar.<\/p>\n\n\n\n<p>La fase intensiva se divide por nivel preescolar, primaria, secundaria y telesecundaria, para, de esta manera, contar con un enfoque espec\u00edfico, que permita una planeaci\u00f3n focalizada, enmarcado en el Pacto Social por la Educaci\u00f3n.<\/p>\n\n\n\n<p>Cabe se\u00f1alar que el ciclo escolar 2022-2024, est\u00e1 marcado por las celebraciones de los 200 a\u00f1os de habernos convertido en una entidad libre y soberana, por lo que se contempla una gran diversidad de actividades con la comunidad escolar.<\/p>\n\n\n\n<p>Anselmo Conejo Cornejo, Delegado de la regi\u00f3n VI, destac\u00f3 el trabajo que se realiza en esta fase, es una parte fundamental para la \u00f3ptima implementaci\u00f3n de los planes y programas durante el ciclo escolar que est\u00e1 por iniciar.<\/p>\n\n\n\n<p>\u201cS\u00e9 que est\u00e1n aqu\u00ed con toda la energ\u00eda y el compromiso de aportar toda su capacidad y experiencia por nuestras ni\u00f1as, ni\u00f1os y adolescentes; se los agradezco y se los reconozco\u201d.<\/p>\n\n\n\n<p>El plan de trabajo presentado en la Fase Intensiva del Consejo T\u00e9cnico Escolar contempla 5 sesiones, con los temas: Hacia una planeaci\u00f3n escolar, Cultura letrada en el aula y la escuela, El aula como espacio seguro y protegido para ni\u00f1as, ni\u00f1os y adolescentes, Planeaci\u00f3n did\u00e1ctica y evaluaci\u00f3n, y finalmente Organizaci\u00f3n de la escuela.<\/p>\n\n\n\n<p>En la Secretar\u00eda de Educaci\u00f3n de Guanajuato y en la Delegaci\u00f3n regional VI, se contin\u00faa trabajando para lograr los objetivos del Pacto Social por la Educaci\u00f3n, que contempla las estrategias: Que todos vayan a la escuela, Recuperaci\u00f3n de aprendizajes, Reconocimiento social de la figura docente, Formaci\u00f3n de madres y padres del Siglo XXI y Convivencia escolar pac\u00edfica.<\/p>\n\n\n\n<div class=\"wp-block-file\"><a id=\"wp-block-file--media-cede986b-52ec-4c14-abef-75618972e0c8\" href=\"https:\/\/periodiconuevomilenio.com\/wp-content\/uploads\/2023\/08\/01-24.jpg\">01-24<\/a><a href=\"https:\/\/periodiconuevomilenio.com\/wp-content\/uploads\/2023\/08\/01-24.jpg\" class=\"wp-block-file__button wp-element-button\" download aria-describedby=\"wp-block-file--media-cede986b-52ec-4c14-abef-75618972e0c8\">Descarga<\/a><\/div>\n\n\n\n<div class=\"wp-block-file\"><a id=\"wp-block-file--media-130ca8b2-7e04-4466-ba0f-1e84a7c7b175\" href=\"https:\/\/periodiconuevomilenio.com\/wp-content\/uploads\/2023\/08\/03-12.jpg\">03-12<\/a><a href=\"https:\/\/periodiconuevomilenio.com\/wp-content\/uploads\/2023\/08\/03-12.jpg\" class=\"wp-block-file__button wp-element-button\" download aria-describedby=\"wp-block-file--media-130ca8b2-7e04-4466-ba0f-1e84a7c7b175\">Descarga<\/a><\/div>\n\n\n\n<figure class=\"wp-block-gallery has-nested-images columns-default is-cropped wp-block-gallery-1 is-layout-flex wp-block-gallery-is-layout-flex\">\n<figure class=\"wp-block-image size-large\"><img loading=\"lazy\" decoding=\"async\" width=\"768\" height=\"1024\" data-id=\"6416\" src=\"https:\/\/periodiconuevomilenio.com\/wp-content\/uploads\/2023\/08\/07-8-768x1024.jpg\" alt=\"\" class=\"wp-image-6416\" srcset=\"https:\/\/periodiconuevomilenio.com\/wp-content\/uploads\/2023\/08\/07-8-768x1024.jpg 768w, https:\/\/periodiconuevomilenio.com\/wp-content\/uploads\/2023\/08\/07-8-225x300.jpg 225w, https:\/\/periodiconuevomilenio.com\/wp-content\/uploads\/2023\/08\/07-8-1152x1536.jpg 1152w, https:\/\/periodiconuevomilenio.com\/wp-content\/uploads\/2023\/08\/07-8-1024x1365.jpg 1024w, https:\/\/periodiconuevomilenio.com\/wp-content\/uploads\/2023\/08\/07-8.jpg 1200w\" sizes=\"auto, (max-width: 768px) 100vw, 768px\" \/><\/figure>\n\n\n\n<figure class=\"wp-block-image size-large\"><img loading=\"lazy\" decoding=\"async\" width=\"768\" height=\"1024\" data-id=\"6417\" src=\"https:\/\/periodiconuevomilenio.com\/wp-content\/uploads\/2023\/08\/06-13-768x1024.jpg\" alt=\"\" class=\"wp-image-6417\" srcset=\"https:\/\/periodiconuevomilenio.com\/wp-content\/uploads\/2023\/08\/06-13-768x1024.jpg 768w, https:\/\/periodiconuevomilenio.com\/wp-content\/uploads\/2023\/08\/06-13-225x300.jpg 225w, https:\/\/periodiconuevomilenio.com\/wp-content\/uploads\/2023\/08\/06-13-1152x1536.jpg 1152w, https:\/\/periodiconuevomilenio.com\/wp-content\/uploads\/2023\/08\/06-13-1024x1365.jpg 1024w, https:\/\/periodiconuevomilenio.com\/wp-content\/uploads\/2023\/08\/06-13.jpg 1200w\" sizes=\"auto, (max-width: 768px) 100vw, 768px\" \/><\/figure>\n<\/figure>\n\n\n\n<div class=\"wp-block-file\"><a id=\"wp-block-file--media-52a7e077-1655-42d5-b31b-52592dc47c51\" href=\"https:\/\/periodiconuevomilenio.com\/wp-content\/uploads\/2023\/08\/04-10.jpg\">04-10<\/a><a href=\"https:\/\/periodiconuevomilenio.com\/wp-content\/uploads\/2023\/08\/04-10.jpg\" class=\"wp-block-file__button wp-element-button\" download aria-describedby=\"wp-block-file--media-52a7e077-1655-42d5-b31b-52592dc47c51\">Descarga<\/a><\/div>\n\n\n\n<div class=\"wp-block-file\"><a id=\"wp-block-file--media-b5e69094-d6d8-4bfd-9222-5c2a6e08e7f3\" href=\"https:\/\/periodiconuevomilenio.com\/wp-content\/uploads\/2023\/08\/02-11-1152x1536-1.jpg\">02-11-1152&#215;1536-1<\/a><a href=\"https:\/\/periodiconuevomilenio.com\/wp-content\/uploads\/2023\/08\/02-11-1152x1536-1.jpg\" class=\"wp-block-file__button wp-element-button\" download aria-describedby=\"wp-block-file--media-b5e69094-d6d8-4bfd-9222-5c2a6e08e7f3\">Descarga<\/a><\/div>\n\n\n\n\n\n<figure class=\"wp-block-gallery has-nested-images columns-default is-cropped wp-block-gallery-2 is-layout-flex wp-block-gallery-is-layout-flex\"><\/figure>\n","protected":false},"excerpt":{"rendered":"<p>Abasolo, Gto. 15 de agosto de 2023.- La Secretar\u00eda de Educaci\u00f3n de Guanajuato, a trav\u00e9s de la Delegaci\u00f3n<\/p>\n","protected":false},"author":1,"featured_media":6417,"comment_status":"open","ping_status":"open","sticky":false,"template":"","format":"standard","meta":{"jetpack_post_was_ever_published":false,"_jetpack_newsletter_access":"","_jetpack_dont_email_post_to_subs":false,"_jetpack_newsletter_tier_id":0,"_jetpack_memberships_contains_paywalled_content":false,"_jetpack_memberships_contains_paid_content":false,"footnotes":"","jetpack_publicize_message":"","jetpack_publicize_feature_enabled":false,"jetpack_social_post_already_shared":false,"jetpack_social_options":{"image_generator_settings":{"template":"highway","enabled":false},"version":2}},"categories":[31],"tags":[25],"class_list":["post-6411","post","type-post","status-publish","format-standard","has-post-thumbnail","hentry","category-estado","tag-abasolo"],"jetpack_publicize_connections":[],"jetpack_sharing_enabled":true,"jetpack_featured_media_url":"https:\/\/periodiconuevomilenio.com\/wp-content\/uploads\/2023\/08\/06-13.jpg","_links":{"self":[{"href":"https:\/\/periodiconuevomilenio.com\/index.php\/wp-json\/wp\/v2\/posts\/6411","targetHints":{"allow":["GET"]}}],"collection":[{"href":"https:\/\/periodiconuevomilenio.com\/index.php\/wp-json\/wp\/v2\/posts"}],"about":[{"href":"https:\/\/periodiconuevomilenio.com\/index.php\/wp-json\/wp\/v2\/types\/post"}],"author":[{"embeddable":true,"href":"https:\/\/periodiconuevomilenio.com\/index.php\/wp-json\/wp\/v2\/users\/1"}],"replies":[{"embeddable":true,"href":"https:\/\/periodiconuevomilenio.com\/index.php\/wp-json\/wp\/v2\/comments?post=6411"}],"version-history":[{"count":1,"href":"https:\/\/periodiconuevomilenio.com\/index.php\/wp-json\/wp\/v2\/posts\/6411\/revisions"}],"predecessor-version":[{"id":6418,"href":"https:\/\/periodiconuevomilenio.com\/index.php\/wp-json\/wp\/v2\/posts\/6411\/revisions\/6418"}],"wp:featuredmedia":[{"embeddable":true,"href":"https:\/\/periodiconuevomilenio.com\/index.php\/wp-json\/wp\/v2\/media\/6417"}],"wp:attachment":[{"href":"https:\/\/periodiconuevomilenio.com\/index.php\/wp-json\/wp\/v2\/media?parent=6411"}],"wp:term":[{"taxonomy":"category","embeddable":true,"href":"https:\/\/periodiconuevomilenio.com\/index.php\/wp-json\/wp\/v2\/categories?post=6411"},{"taxonomy":"post_tag","embeddable":true,"href":"https:\/\/periodiconuevomilenio.com\/index.php\/wp-json\/wp\/v2\/tags?post=6411"}],"curies":[{"name":"wp","href":"https:\/\/api.w.org\/{rel}","templated":true}]}}