{"id":6448,"date":"2023-08-16T01:12:30","date_gmt":"2023-08-16T07:12:30","guid":{"rendered":"https:\/\/periodiconuevomilenio.com\/?p=6448"},"modified":"2023-08-16T01:12:31","modified_gmt":"2023-08-16T07:12:31","slug":"s-o-s-el-templo-de-san-jose-se-esta-cayendo","status":"publish","type":"post","link":"https:\/\/periodiconuevomilenio.com\/index.php\/2023\/08\/16\/s-o-s-el-templo-de-san-jose-se-esta-cayendo\/","title":{"rendered":"S.O.S. EL TEMPL\u00d3 DE SAN JOS\u00c9 SE EST\u00c1 CAYENDO"},"content":{"rendered":"\n<p>Da\u00f1os estructurales graves presentes este hist\u00f3rico edificio<\/p>\n\n\n\n<p>VALLE DE SANTIAGO, GTO.-&nbsp; A punto de colapsarse el templo de San Jos\u00e9, la sacrist\u00eda&nbsp; presenta grandes da\u00f1os estructurales que existe riesgo de que se desplome, m\u00e1s en estos d\u00edas con las lluvias, por lo que urge la intervenci\u00f3n del INAH para su restauraci\u00f3n y el apoyo de autoridades Federales, estales, municipales.<\/p>\n\n\n\n<p>El P\u00e1rroco Antonio Espeitia dijo que es riesgo, es latente, la nave principal del templo presenta grietas, pero lo m\u00e1s riesgoso es la sacrist\u00eda porque esa si est\u00e1 a punto de compasarse y se requiere una pronta restauraci\u00f3n, por ello se est\u00e1 pidiendo apoyo de especialistas como colegio de Ingenieros y colegio de arquitectos para que realicen un estudio a fondo de los da\u00f1os extramurales que presente este antiguo edificio dedicado al culto cat\u00f3lico y sean presentados al Instituto de Antrop\u00f3loga e historia para&nbsp; que se salve este templ\u00f3.<\/p>\n\n\n\n<p>La feligres\u00eda realiza algunos eventos como kermeses y otras actividades para recaudar fondos, pero son insuficientes para&nbsp; poder rescatar este lugar que se cree sufri\u00f3 mayores da\u00f1os con el sismo que se registr\u00f3 en a\u00f1o pasado, con epicentro en el municipio de Yuriria.<\/p>\n\n\n\n<p>Entrevista al respecto, el p\u00e1rroco del templo de Santiago Ap\u00f3stol, a quien pertenece esta iglesia erigida en honor a San Jos\u00e9, ubicado en la esquina de Obreg\u00f3n y Santos Degollados, Jos\u00e9 Antonio Espeitia dijo que los da\u00f1os son severos estos por el paso el tiempo ay que seg\u00fan la historia este templo tiene m\u00e1s de 250 a\u00f1os de haberse construido siendo uno de los m\u00e1s antiguos de esta ciudad.<\/p>\n\n\n\n<p>Peor no solo presenta cuarteaduras, sino el piso principal del atrio presenta hundimientos, lo que representa un riesgo latente para los feligreses que acuden a misa a este lugar y en caso de que se desplomara se perder\u00edan&nbsp; parte&nbsp; de la historia no solo de Valle sino del pa\u00eds.<\/p>\n\n\n\n<p>El P\u00e1rroco Antonio Espeitia\u00a0 coment\u00f3 que este templ\u00f3 ya no requiere de resanar sino de una \u201cCirug\u00eda Mayor\u201d sobre todo en el techo,\u00a0 la sacrist\u00eda que est\u00e1 a punto de colapsarse, vendr\u00e1n los arquitectos de arte sacro, quien realizara un dictamen\u00a0 y un diagn\u00f3stico del templo y junto con el colegio de arquitectos e ingenieros civiles hacer un proyecto de rescate de este templ\u00f3 que una que muy peque\u00f1o, bonito\u00a0 y con muchos a\u00f1os de historia.\u00a0<\/p>\n\n\n\n<figure class=\"wp-block-gallery has-nested-images columns-default is-cropped wp-block-gallery-1 is-layout-flex wp-block-gallery-is-layout-flex\">\n<figure class=\"wp-block-image size-large\"><img loading=\"lazy\" decoding=\"async\" width=\"1024\" height=\"472\" data-id=\"6450\" src=\"https:\/\/periodiconuevomilenio.com\/wp-content\/uploads\/2023\/08\/img_20230809_102350-1-1024x472.jpg\" alt=\"\" class=\"wp-image-6450\" srcset=\"https:\/\/periodiconuevomilenio.com\/wp-content\/uploads\/2023\/08\/img_20230809_102350-1-1024x472.jpg 1024w, https:\/\/periodiconuevomilenio.com\/wp-content\/uploads\/2023\/08\/img_20230809_102350-1-300x138.jpg 300w, https:\/\/periodiconuevomilenio.com\/wp-content\/uploads\/2023\/08\/img_20230809_102350-1-768x354.jpg 768w, https:\/\/periodiconuevomilenio.com\/wp-content\/uploads\/2023\/08\/img_20230809_102350-1-1536x708.jpg 1536w, https:\/\/periodiconuevomilenio.com\/wp-content\/uploads\/2023\/08\/img_20230809_102350-1-2048x944.jpg 2048w\" sizes=\"auto, (max-width: 1024px) 100vw, 1024px\" \/><\/figure>\n\n\n\n<figure class=\"wp-block-image size-large\"><img loading=\"lazy\" decoding=\"async\" width=\"676\" height=\"1024\" data-id=\"6449\" src=\"https:\/\/periodiconuevomilenio.com\/wp-content\/uploads\/2023\/08\/img_20230809_094953-1-676x1024.jpg\" alt=\"\" class=\"wp-image-6449\" srcset=\"https:\/\/periodiconuevomilenio.com\/wp-content\/uploads\/2023\/08\/img_20230809_094953-1-676x1024.jpg 676w, https:\/\/periodiconuevomilenio.com\/wp-content\/uploads\/2023\/08\/img_20230809_094953-1-198x300.jpg 198w, https:\/\/periodiconuevomilenio.com\/wp-content\/uploads\/2023\/08\/img_20230809_094953-1-768x1163.jpg 768w, https:\/\/periodiconuevomilenio.com\/wp-content\/uploads\/2023\/08\/img_20230809_094953-1-1014x1536.jpg 1014w, https:\/\/periodiconuevomilenio.com\/wp-content\/uploads\/2023\/08\/img_20230809_094953-1-1352x2048.jpg 1352w, https:\/\/periodiconuevomilenio.com\/wp-content\/uploads\/2023\/08\/img_20230809_094953-1-1024x1551.jpg 1024w, https:\/\/periodiconuevomilenio.com\/wp-content\/uploads\/2023\/08\/img_20230809_094953-1.jpg 1504w\" sizes=\"auto, (max-width: 676px) 100vw, 676px\" \/><\/figure>\n\n\n\n<figure class=\"wp-block-image size-large\"><img loading=\"lazy\" decoding=\"async\" width=\"1024\" height=\"683\" data-id=\"6452\" src=\"https:\/\/periodiconuevomilenio.com\/wp-content\/uploads\/2023\/08\/img_8665-1-1024x683.jpg\" alt=\"\" class=\"wp-image-6452\" srcset=\"https:\/\/periodiconuevomilenio.com\/wp-content\/uploads\/2023\/08\/img_8665-1-1024x683.jpg 1024w, https:\/\/periodiconuevomilenio.com\/wp-content\/uploads\/2023\/08\/img_8665-1-300x200.jpg 300w, https:\/\/periodiconuevomilenio.com\/wp-content\/uploads\/2023\/08\/img_8665-1-768x512.jpg 768w, https:\/\/periodiconuevomilenio.com\/wp-content\/uploads\/2023\/08\/img_8665-1-1536x1024.jpg 1536w, https:\/\/periodiconuevomilenio.com\/wp-content\/uploads\/2023\/08\/img_8665-1-2048x1365.jpg 2048w\" sizes=\"auto, (max-width: 1024px) 100vw, 1024px\" \/><\/figure>\n\n\n\n<figure class=\"wp-block-image size-large\"><img loading=\"lazy\" decoding=\"async\" width=\"1024\" height=\"683\" data-id=\"6451\" src=\"https:\/\/periodiconuevomilenio.com\/wp-content\/uploads\/2023\/08\/img_8664-1-1024x683.jpg\" alt=\"\" class=\"wp-image-6451\" srcset=\"https:\/\/periodiconuevomilenio.com\/wp-content\/uploads\/2023\/08\/img_8664-1-1024x683.jpg 1024w, https:\/\/periodiconuevomilenio.com\/wp-content\/uploads\/2023\/08\/img_8664-1-300x200.jpg 300w, https:\/\/periodiconuevomilenio.com\/wp-content\/uploads\/2023\/08\/img_8664-1-768x512.jpg 768w, https:\/\/periodiconuevomilenio.com\/wp-content\/uploads\/2023\/08\/img_8664-1-1536x1024.jpg 1536w, https:\/\/periodiconuevomilenio.com\/wp-content\/uploads\/2023\/08\/img_8664-1-2048x1365.jpg 2048w\" sizes=\"auto, (max-width: 1024px) 100vw, 1024px\" \/><\/figure>\n<\/figure>\n\n\n\n<figure class=\"wp-block-gallery has-nested-images columns-default is-cropped wp-block-gallery-2 is-layout-flex wp-block-gallery-is-layout-flex\"><\/figure>\n","protected":false},"excerpt":{"rendered":"<p>Da\u00f1os estructurales graves presentes este hist\u00f3rico edificio VALLE DE SANTIAGO, GTO.-&nbsp; A punto de colapsarse el templo de<\/p>\n","protected":false},"author":1,"featured_media":6451,"comment_status":"open","ping_status":"open","sticky":false,"template":"","format":"standard","meta":{"jetpack_post_was_ever_published":false,"_jetpack_newsletter_access":"","_jetpack_dont_email_post_to_subs":false,"_jetpack_newsletter_tier_id":0,"_jetpack_memberships_contains_paywalled_content":false,"_jetpack_memberships_contains_paid_content":false,"footnotes":"","jetpack_publicize_message":"","jetpack_publicize_feature_enabled":false,"jetpack_social_post_already_shared":false,"jetpack_social_options":{"image_generator_settings":{"template":"highway","enabled":false},"version":2}},"categories":[39],"tags":[22],"class_list":["post-6448","post","type-post","status-publish","format-standard","has-post-thumbnail","hentry","category-valle-de-santiago","tag-valle"],"jetpack_publicize_connections":[],"jetpack_sharing_enabled":true,"jetpack_featured_media_url":"https:\/\/periodiconuevomilenio.com\/wp-content\/uploads\/2023\/08\/img_8664-1-scaled.jpg","_links":{"self":[{"href":"https:\/\/periodiconuevomilenio.com\/index.php\/wp-json\/wp\/v2\/posts\/6448","targetHints":{"allow":["GET"]}}],"collection":[{"href":"https:\/\/periodiconuevomilenio.com\/index.php\/wp-json\/wp\/v2\/posts"}],"about":[{"href":"https:\/\/periodiconuevomilenio.com\/index.php\/wp-json\/wp\/v2\/types\/post"}],"author":[{"embeddable":true,"href":"https:\/\/periodiconuevomilenio.com\/index.php\/wp-json\/wp\/v2\/users\/1"}],"replies":[{"embeddable":true,"href":"https:\/\/periodiconuevomilenio.com\/index.php\/wp-json\/wp\/v2\/comments?post=6448"}],"version-history":[{"count":1,"href":"https:\/\/periodiconuevomilenio.com\/index.php\/wp-json\/wp\/v2\/posts\/6448\/revisions"}],"predecessor-version":[{"id":6453,"href":"https:\/\/periodiconuevomilenio.com\/index.php\/wp-json\/wp\/v2\/posts\/6448\/revisions\/6453"}],"wp:featuredmedia":[{"embeddable":true,"href":"https:\/\/periodiconuevomilenio.com\/index.php\/wp-json\/wp\/v2\/media\/6451"}],"wp:attachment":[{"href":"https:\/\/periodiconuevomilenio.com\/index.php\/wp-json\/wp\/v2\/media?parent=6448"}],"wp:term":[{"taxonomy":"category","embeddable":true,"href":"https:\/\/periodiconuevomilenio.com\/index.php\/wp-json\/wp\/v2\/categories?post=6448"},{"taxonomy":"post_tag","embeddable":true,"href":"https:\/\/periodiconuevomilenio.com\/index.php\/wp-json\/wp\/v2\/tags?post=6448"}],"curies":[{"name":"wp","href":"https:\/\/api.w.org\/{rel}","templated":true}]}}