{"id":6481,"date":"2023-08-16T18:23:56","date_gmt":"2023-08-17T00:23:56","guid":{"rendered":"https:\/\/periodiconuevomilenio.com\/?p=6481"},"modified":"2023-08-16T18:23:58","modified_gmt":"2023-08-17T00:23:58","slug":"sorpresivamente-fallece-juan-enrique-ruiz-ortega","status":"publish","type":"post","link":"https:\/\/periodiconuevomilenio.com\/index.php\/2023\/08\/16\/sorpresivamente-fallece-juan-enrique-ruiz-ortega\/","title":{"rendered":"Sorpresivamente fallece Juan Enrique Ru\u00edz Ortega"},"content":{"rendered":"\n<p>HASTA PRONTO AMIGO!!!<\/p>\n\n\n\n<p>Por. Jorge Andrade Mart\u00ednez<\/p>\n\n\n\n<p>VALLE DE SANTIAGO, GTO.&nbsp; &#8211; La partida de un ser querido, siempre resulta traum\u00e1tica. Impacta, sacude y cambia no solo nuestro entorno,&nbsp; sino nuestra consciencia sobre la vida.<\/p>\n\n\n\n<p>Y m\u00e1s, cuando se trata de una persona con la que conviv\u00edas a diario y disfrutabas de su generosa amistad, como es el caso de Juan Enrique Ruiz&#8230;.Kikin para sus amigos m\u00e1s cercanos, entre los que se encuentra quien esto escribe.<\/p>\n\n\n\n<p>Hablar de Kikin, es dif\u00edcil resumirlo en tan pocas l\u00edneas cuando hay tanto que compartir&#8230;.tanto que recordar.<\/p>\n\n\n\n<p>Sencillamente fue un excelente esposo, excelente padre y maravilloso hijo para su se\u00f1or padre, Don Juan Enrique Ruiz Nieto.<\/p>\n\n\n\n<p>Casado y separado con la se\u00f1ora Ana Bel\u00e9n L\u00f3pez Hern\u00e1ndez,&nbsp; procreo tres hijos. Ruby Johanna, Juan Enrique y M\u00eda Guadalupe.&nbsp; Fueron su mayor tesoro y la raz\u00f3n de su existencia pues siempre manifestaba el enorme amor por ellos y su pap\u00e1, motores de su existencia.<\/p>\n\n\n\n<p>Comerciante de toda la vida, fue seducido desde muy joven por la pol\u00edtica en la cual incursion\u00f3 con diferentes colores. Sin embargo,&nbsp; era de esos pol\u00edticos que luchaban por un ideal de un M\u00e9xico mejor.&nbsp; De esos pol\u00edticos que no hay y que buscan, el poder para servir y no para servirse.<\/p>\n\n\n\n<p>Incomprendido en la pol\u00edtica,&nbsp; se retir\u00f3 a su trabajo y se dedic\u00f3 a su negocio para su papa y sus hijos. La presi\u00f3n propia de ser cabeza de un negocio, fue minando su salud. Lo hab\u00edamos visto deprimido y cansado.<\/p>\n\n\n\n<p>Sin embargo no desatendida el negocio familiar, asediado por las escasas ventas.&nbsp; Esto hizo crisis el viernes 11 de agosto cuando por la tarde, se desvaneci\u00f3.<\/p>\n\n\n\n<p>Fue trasladado de urgencia a Le\u00f3n y posteriormente,&nbsp; trasladado al Seguro Social de Salamanca en donde luch\u00f3 contra la muerte, a quien hace algunos a\u00f1os,&nbsp; hab\u00eda vencido pues era un aut\u00e9ntico guerrero.<\/p>\n\n\n\n<p>Lucho intensamente por sobrevivir pero por desgracia,&nbsp; perdi\u00f3 la batalla y sucumbi\u00f3 el lunes 14 de este mes.<\/p>\n\n\n\n<p>La noticia fue un balde de agua&nbsp; fr\u00eda para aquellos que lo estim\u00e1bamos<\/p>\n\n\n\n<p>Su cuerpo fue velado en su domicilio en la zona centro en donde sus familiares y amigos,&nbsp; lo acompa\u00f1amos a los servicios funerarios en la iglesia mormona.<\/p>\n\n\n\n<p>De ah\u00ed, su cuerpo fue trasladado para su cremaci\u00f3n y sus cenizas,\u00a0 entregadas a sus seres queridos. Nos unimos a la pena que embarga a sus familiares y no podemos menos que decirle sabiendo que en alg\u00fan momento y en alg\u00fan lugar nos volveremos a encontrar&#8230;Hasta Pronto Amigo!!!<\/p>\n\n\n\n<figure class=\"wp-block-image size-full\"><img loading=\"lazy\" decoding=\"async\" width=\"515\" height=\"591\" src=\"https:\/\/periodiconuevomilenio.com\/wp-content\/uploads\/2023\/08\/a3245a3d-ca01-42f3-853b-52f4a294ebb9.jpg\" alt=\"\" class=\"wp-image-6482\" srcset=\"https:\/\/periodiconuevomilenio.com\/wp-content\/uploads\/2023\/08\/a3245a3d-ca01-42f3-853b-52f4a294ebb9.jpg 515w, https:\/\/periodiconuevomilenio.com\/wp-content\/uploads\/2023\/08\/a3245a3d-ca01-42f3-853b-52f4a294ebb9-261x300.jpg 261w\" sizes=\"auto, (max-width: 515px) 100vw, 515px\" \/><\/figure>\n\n\n","protected":false},"excerpt":{"rendered":"<p>HASTA PRONTO AMIGO!!! Por. Jorge Andrade Mart\u00ednez VALLE DE SANTIAGO, GTO.&nbsp; &#8211; La partida de un ser querido,<\/p>\n","protected":false},"author":1,"featured_media":6482,"comment_status":"open","ping_status":"open","sticky":false,"template":"","format":"standard","meta":{"jetpack_post_was_ever_published":false,"_jetpack_newsletter_access":"","_jetpack_dont_email_post_to_subs":false,"_jetpack_newsletter_tier_id":0,"_jetpack_memberships_contains_paywalled_content":false,"_jetpack_memberships_contains_paid_content":false,"footnotes":"","jetpack_publicize_message":"","jetpack_publicize_feature_enabled":false,"jetpack_social_post_already_shared":false,"jetpack_social_options":{"image_generator_settings":{"template":"highway","enabled":false},"version":2}},"categories":[39],"tags":[22],"class_list":["post-6481","post","type-post","status-publish","format-standard","has-post-thumbnail","hentry","category-valle-de-santiago","tag-valle"],"jetpack_publicize_connections":[],"jetpack_sharing_enabled":true,"jetpack_featured_media_url":"https:\/\/periodiconuevomilenio.com\/wp-content\/uploads\/2023\/08\/a3245a3d-ca01-42f3-853b-52f4a294ebb9.jpg","_links":{"self":[{"href":"https:\/\/periodiconuevomilenio.com\/index.php\/wp-json\/wp\/v2\/posts\/6481","targetHints":{"allow":["GET"]}}],"collection":[{"href":"https:\/\/periodiconuevomilenio.com\/index.php\/wp-json\/wp\/v2\/posts"}],"about":[{"href":"https:\/\/periodiconuevomilenio.com\/index.php\/wp-json\/wp\/v2\/types\/post"}],"author":[{"embeddable":true,"href":"https:\/\/periodiconuevomilenio.com\/index.php\/wp-json\/wp\/v2\/users\/1"}],"replies":[{"embeddable":true,"href":"https:\/\/periodiconuevomilenio.com\/index.php\/wp-json\/wp\/v2\/comments?post=6481"}],"version-history":[{"count":1,"href":"https:\/\/periodiconuevomilenio.com\/index.php\/wp-json\/wp\/v2\/posts\/6481\/revisions"}],"predecessor-version":[{"id":6483,"href":"https:\/\/periodiconuevomilenio.com\/index.php\/wp-json\/wp\/v2\/posts\/6481\/revisions\/6483"}],"wp:featuredmedia":[{"embeddable":true,"href":"https:\/\/periodiconuevomilenio.com\/index.php\/wp-json\/wp\/v2\/media\/6482"}],"wp:attachment":[{"href":"https:\/\/periodiconuevomilenio.com\/index.php\/wp-json\/wp\/v2\/media?parent=6481"}],"wp:term":[{"taxonomy":"category","embeddable":true,"href":"https:\/\/periodiconuevomilenio.com\/index.php\/wp-json\/wp\/v2\/categories?post=6481"},{"taxonomy":"post_tag","embeddable":true,"href":"https:\/\/periodiconuevomilenio.com\/index.php\/wp-json\/wp\/v2\/tags?post=6481"}],"curies":[{"name":"wp","href":"https:\/\/api.w.org\/{rel}","templated":true}]}}