{"id":6484,"date":"2023-08-17T00:06:34","date_gmt":"2023-08-17T06:06:34","guid":{"rendered":"https:\/\/periodiconuevomilenio.com\/?p=6484"},"modified":"2023-08-17T00:06:36","modified_gmt":"2023-08-17T06:06:36","slug":"se-impacta-contra-un-trailer-de-la-coca-cola-hay-un-muerto-y-elevadas-perdidas-materiales","status":"publish","type":"post","link":"https:\/\/periodiconuevomilenio.com\/index.php\/2023\/08\/17\/se-impacta-contra-un-trailer-de-la-coca-cola-hay-un-muerto-y-elevadas-perdidas-materiales\/","title":{"rendered":"Se impacta contra un tr\u00e1iler de la Coca-Cola.  Hay un muerto y elevadas p\u00e9rdidas materiales."},"content":{"rendered":"\n<p><\/p>\n\n\n\n<p><\/p>\n\n\n\n<p><\/p>\n\n\n\n<p>VALLE DE SANTIAGO, GTO.- Desigual choque entre un tr\u00e1iler y un auto compacto se registr\u00f3 la madrugada de este mi\u00e9rcoles 16 de agosto en la autopista Salamanca &#8211; Morelia, a la altura del kil\u00f3metro 92 a la altura de la comunidad de Ter\u00e1n perteneciente a este municipio.<br>Fue cerca de la media noche, a las (23:55), cuando al sistema de emergencia 911 llego una llama de auxilio solicitado la presencia de los cuerpos de auxilio y rescate, as\u00ed como de seguridad p\u00fablica, ya que se hab\u00eda registrado un terrible accidente en la autopista Salamanca -Morelia.<br>El accidente moviliz\u00f3 cuerpo de rescate como Cruz Roja, Bomberos y Protecci\u00f3n Civil, polic\u00edas preventivos que llegaron al lugar encontrando un desigual choque entre una pesada unidad y un auto compacto.<br>En el accidente vial participaron un autom\u00f3vil marca zuzuki vtasa, modelo 2020, placas GLY165E GTO color rojo, conducido por Jos\u00e9 Francisco Soto Silva, de 23 a\u00f1os, con domicilio en la ciudad de Irapuato y quien lamentablemente perdi\u00f3 la vida tras impactarse de frente contra un cami\u00f3n marca kendwort, modelo 2015, placas LC16636 DEL ESTADO DE M\u00c9XICO de empresa coca cola un full doble remolque color rojo.<br>Durante varias horas tuvieron que luchar los elementos de bomberos para rescatar el cuerpo, siendo necesario la utilizaci\u00f3n de las \u201cquijadas de la vida\u201d, una vez que fue rescatado el cuerpo, fue llevado a bordo de la ambulancia de traslado de indicios, mientras que el caso quedo en manos de la Guardia Nacional de la divisi\u00f3n caminos quienes realizaron los peritajes iniciales para deslindar responsabilidades.<\/p>\n\n\n\n<figure class=\"wp-block-gallery has-nested-images columns-default is-cropped wp-block-gallery-1 is-layout-flex wp-block-gallery-is-layout-flex\">\n<figure class=\"wp-block-image size-large\"><img loading=\"lazy\" decoding=\"async\" width=\"1024\" height=\"588\" data-id=\"6487\" src=\"https:\/\/periodiconuevomilenio.com\/wp-content\/uploads\/2023\/08\/365978682_666540068836124_8378084909802079210_n-1024x588.jpg\" alt=\"\" class=\"wp-image-6487\" srcset=\"https:\/\/periodiconuevomilenio.com\/wp-content\/uploads\/2023\/08\/365978682_666540068836124_8378084909802079210_n-1024x588.jpg 1024w, https:\/\/periodiconuevomilenio.com\/wp-content\/uploads\/2023\/08\/365978682_666540068836124_8378084909802079210_n-300x172.jpg 300w, https:\/\/periodiconuevomilenio.com\/wp-content\/uploads\/2023\/08\/365978682_666540068836124_8378084909802079210_n-768x441.jpg 768w, https:\/\/periodiconuevomilenio.com\/wp-content\/uploads\/2023\/08\/365978682_666540068836124_8378084909802079210_n-1536x882.jpg 1536w, https:\/\/periodiconuevomilenio.com\/wp-content\/uploads\/2023\/08\/365978682_666540068836124_8378084909802079210_n.jpg 1589w\" sizes=\"auto, (max-width: 1024px) 100vw, 1024px\" \/><\/figure>\n\n\n\n<figure class=\"wp-block-image size-large\"><img loading=\"lazy\" decoding=\"async\" width=\"577\" height=\"1024\" data-id=\"6488\" src=\"https:\/\/periodiconuevomilenio.com\/wp-content\/uploads\/2023\/08\/365822336_666540008836130_5137980160589129454_n-577x1024.jpg\" alt=\"\" class=\"wp-image-6488\" srcset=\"https:\/\/periodiconuevomilenio.com\/wp-content\/uploads\/2023\/08\/365822336_666540008836130_5137980160589129454_n-577x1024.jpg 577w, https:\/\/periodiconuevomilenio.com\/wp-content\/uploads\/2023\/08\/365822336_666540008836130_5137980160589129454_n-169x300.jpg 169w, https:\/\/periodiconuevomilenio.com\/wp-content\/uploads\/2023\/08\/365822336_666540008836130_5137980160589129454_n-768x1364.jpg 768w, https:\/\/periodiconuevomilenio.com\/wp-content\/uploads\/2023\/08\/365822336_666540008836130_5137980160589129454_n-865x1536.jpg 865w, https:\/\/periodiconuevomilenio.com\/wp-content\/uploads\/2023\/08\/365822336_666540008836130_5137980160589129454_n-1024x1819.jpg 1024w, https:\/\/periodiconuevomilenio.com\/wp-content\/uploads\/2023\/08\/365822336_666540008836130_5137980160589129454_n.jpg 1153w\" sizes=\"auto, (max-width: 577px) 100vw, 577px\" \/><\/figure>\n\n\n\n<figure class=\"wp-block-image size-large\"><img loading=\"lazy\" decoding=\"async\" width=\"812\" height=\"1024\" data-id=\"6485\" src=\"https:\/\/periodiconuevomilenio.com\/wp-content\/uploads\/2023\/08\/ACCI-812x1024.jpg\" alt=\"\" class=\"wp-image-6485\" srcset=\"https:\/\/periodiconuevomilenio.com\/wp-content\/uploads\/2023\/08\/ACCI-812x1024.jpg 812w, https:\/\/periodiconuevomilenio.com\/wp-content\/uploads\/2023\/08\/ACCI-238x300.jpg 238w, https:\/\/periodiconuevomilenio.com\/wp-content\/uploads\/2023\/08\/ACCI-768x969.jpg 768w, https:\/\/periodiconuevomilenio.com\/wp-content\/uploads\/2023\/08\/ACCI.jpg 963w\" sizes=\"auto, (max-width: 812px) 100vw, 812px\" \/><\/figure>\n\n\n\n<figure class=\"wp-block-image size-large\"><img loading=\"lazy\" decoding=\"async\" width=\"1024\" height=\"740\" data-id=\"6486\" src=\"https:\/\/periodiconuevomilenio.com\/wp-content\/uploads\/2023\/08\/365962435_666540108836120_5898186965934505610_n-1024x740.jpg\" alt=\"\" class=\"wp-image-6486\" srcset=\"https:\/\/periodiconuevomilenio.com\/wp-content\/uploads\/2023\/08\/365962435_666540108836120_5898186965934505610_n-1024x740.jpg 1024w, https:\/\/periodiconuevomilenio.com\/wp-content\/uploads\/2023\/08\/365962435_666540108836120_5898186965934505610_n-300x217.jpg 300w, https:\/\/periodiconuevomilenio.com\/wp-content\/uploads\/2023\/08\/365962435_666540108836120_5898186965934505610_n-768x555.jpg 768w, https:\/\/periodiconuevomilenio.com\/wp-content\/uploads\/2023\/08\/365962435_666540108836120_5898186965934505610_n-1536x1110.jpg 1536w, https:\/\/periodiconuevomilenio.com\/wp-content\/uploads\/2023\/08\/365962435_666540108836120_5898186965934505610_n.jpg 1820w\" sizes=\"auto, (max-width: 1024px) 100vw, 1024px\" \/><\/figure>\n<\/figure>\n\n\n\n<figure class=\"wp-block-gallery has-nested-images columns-default is-cropped wp-block-gallery-2 is-layout-flex wp-block-gallery-is-layout-flex\"><\/figure>\n","protected":false},"excerpt":{"rendered":"<p>VALLE DE SANTIAGO, GTO.- Desigual choque entre un tr\u00e1iler y un auto compacto se registr\u00f3 la madrugada de<\/p>\n","protected":false},"author":1,"featured_media":6487,"comment_status":"open","ping_status":"open","sticky":false,"template":"","format":"standard","meta":{"jetpack_post_was_ever_published":false,"_jetpack_newsletter_access":"","_jetpack_dont_email_post_to_subs":false,"_jetpack_newsletter_tier_id":0,"_jetpack_memberships_contains_paywalled_content":false,"_jetpack_memberships_contains_paid_content":false,"footnotes":"","jetpack_publicize_message":"","jetpack_publicize_feature_enabled":false,"jetpack_social_post_already_shared":false,"jetpack_social_options":{"image_generator_settings":{"template":"highway","enabled":false},"version":2}},"categories":[48,39],"tags":[22],"class_list":["post-6484","post","type-post","status-publish","format-standard","has-post-thumbnail","hentry","category-policiaca","category-valle-de-santiago","tag-valle"],"jetpack_publicize_connections":[],"jetpack_sharing_enabled":true,"jetpack_featured_media_url":"https:\/\/periodiconuevomilenio.com\/wp-content\/uploads\/2023\/08\/365978682_666540068836124_8378084909802079210_n.jpg","_links":{"self":[{"href":"https:\/\/periodiconuevomilenio.com\/index.php\/wp-json\/wp\/v2\/posts\/6484","targetHints":{"allow":["GET"]}}],"collection":[{"href":"https:\/\/periodiconuevomilenio.com\/index.php\/wp-json\/wp\/v2\/posts"}],"about":[{"href":"https:\/\/periodiconuevomilenio.com\/index.php\/wp-json\/wp\/v2\/types\/post"}],"author":[{"embeddable":true,"href":"https:\/\/periodiconuevomilenio.com\/index.php\/wp-json\/wp\/v2\/users\/1"}],"replies":[{"embeddable":true,"href":"https:\/\/periodiconuevomilenio.com\/index.php\/wp-json\/wp\/v2\/comments?post=6484"}],"version-history":[{"count":1,"href":"https:\/\/periodiconuevomilenio.com\/index.php\/wp-json\/wp\/v2\/posts\/6484\/revisions"}],"predecessor-version":[{"id":6489,"href":"https:\/\/periodiconuevomilenio.com\/index.php\/wp-json\/wp\/v2\/posts\/6484\/revisions\/6489"}],"wp:featuredmedia":[{"embeddable":true,"href":"https:\/\/periodiconuevomilenio.com\/index.php\/wp-json\/wp\/v2\/media\/6487"}],"wp:attachment":[{"href":"https:\/\/periodiconuevomilenio.com\/index.php\/wp-json\/wp\/v2\/media?parent=6484"}],"wp:term":[{"taxonomy":"category","embeddable":true,"href":"https:\/\/periodiconuevomilenio.com\/index.php\/wp-json\/wp\/v2\/categories?post=6484"},{"taxonomy":"post_tag","embeddable":true,"href":"https:\/\/periodiconuevomilenio.com\/index.php\/wp-json\/wp\/v2\/tags?post=6484"}],"curies":[{"name":"wp","href":"https:\/\/api.w.org\/{rel}","templated":true}]}}