{"id":6578,"date":"2023-08-21T00:46:15","date_gmt":"2023-08-21T06:46:15","guid":{"rendered":"https:\/\/periodiconuevomilenio.com\/?p=6578"},"modified":"2023-08-21T08:22:43","modified_gmt":"2023-08-21T14:22:43","slug":"se-llamo-antonio-jaime-la-persona-asesinada-el-sabado-en-la-loma","status":"publish","type":"post","link":"https:\/\/periodiconuevomilenio.com\/index.php\/2023\/08\/21\/se-llamo-antonio-jaime-la-persona-asesinada-el-sabado-en-la-loma\/","title":{"rendered":"Se llam\u00f3 Antonio Jaime la persona  \u00a0Asesinada el s\u00e1bado en la Loma"},"content":{"rendered":"\n<p>VALLE DE SANTIAGO, GTO.- Fue identificado como Antonio Jaime N, la persona asesinada a balazos el pasado s\u00e1bado en la colonia la Loma, seg\u00fan informes de la fiscal\u00eda del estado, como se recordara fue el s\u00e1bado 19 de agosto cuando una persona fue asesinada al interior de su domicilio en la colonia la Loma.<br>De acuerdo a los informes de la comisaria de seguridad p\u00fablica, la persona fallecida estaba en el interior de su domicilio, de manera sorpresiva personas civiles fuertemente armado ingresaron a su domicilio y le dispararon a quemarropa.<br>Los uniformados procedieron a acordonar la zona y preservar lo m\u00e1s intacto posible la escena del crimen ocurrido poco antes del mediod\u00eda de este s\u00e1bado en la calle Col\u00f3n casi esquina con Unidad deportiva.<br>Finalmente, durante varias horas peritos de la fiscal\u00eda estuvieron trabajando en el lugar, mientras tanto la guarda nacional, el ej\u00e9rcito y la preventiva custodiaron la escena del crimen y recabando toda la informaci\u00f3n necesaria.<br>El cuerpo fue traslado a la capital del estado, donde se le practic\u00f3 la necropsia de ley para conocer las causas de su muerte y poder dar con los asesinos.<\/p>\n\n\n\n<p><\/p>\n\n\n\n<figure class=\"wp-block-image size-large\"><img loading=\"lazy\" decoding=\"async\" width=\"1024\" height=\"559\" src=\"https:\/\/periodiconuevomilenio.com\/wp-content\/uploads\/2023\/08\/img_20230819_132401-1024x559.jpg\" alt=\"\" class=\"wp-image-6579\" srcset=\"https:\/\/periodiconuevomilenio.com\/wp-content\/uploads\/2023\/08\/img_20230819_132401-1024x559.jpg 1024w, https:\/\/periodiconuevomilenio.com\/wp-content\/uploads\/2023\/08\/img_20230819_132401-300x164.jpg 300w, https:\/\/periodiconuevomilenio.com\/wp-content\/uploads\/2023\/08\/img_20230819_132401-768x419.jpg 768w, https:\/\/periodiconuevomilenio.com\/wp-content\/uploads\/2023\/08\/img_20230819_132401-1536x838.jpg 1536w, https:\/\/periodiconuevomilenio.com\/wp-content\/uploads\/2023\/08\/img_20230819_132401-2048x1117.jpg 2048w\" sizes=\"auto, (max-width: 1024px) 100vw, 1024px\" \/><\/figure>\n\n\n","protected":false},"excerpt":{"rendered":"<p>VALLE DE SANTIAGO, GTO.- Fue identificado como Antonio Jaime N, la persona asesinada a balazos el pasado s\u00e1bado<\/p>\n","protected":false},"author":1,"featured_media":6579,"comment_status":"open","ping_status":"open","sticky":false,"template":"","format":"standard","meta":{"jetpack_post_was_ever_published":false,"_jetpack_newsletter_access":"","_jetpack_dont_email_post_to_subs":false,"_jetpack_newsletter_tier_id":0,"_jetpack_memberships_contains_paywalled_content":false,"_jetpack_memberships_contains_paid_content":false,"footnotes":"","jetpack_publicize_message":"","jetpack_publicize_feature_enabled":false,"jetpack_social_post_already_shared":false,"jetpack_social_options":{"image_generator_settings":{"template":"highway","enabled":false},"version":2}},"categories":[48,39],"tags":[22],"class_list":["post-6578","post","type-post","status-publish","format-standard","has-post-thumbnail","hentry","category-policiaca","category-valle-de-santiago","tag-valle"],"jetpack_publicize_connections":[],"jetpack_sharing_enabled":true,"jetpack_featured_media_url":"https:\/\/periodiconuevomilenio.com\/wp-content\/uploads\/2023\/08\/img_20230819_132401.jpg","_links":{"self":[{"href":"https:\/\/periodiconuevomilenio.com\/index.php\/wp-json\/wp\/v2\/posts\/6578","targetHints":{"allow":["GET"]}}],"collection":[{"href":"https:\/\/periodiconuevomilenio.com\/index.php\/wp-json\/wp\/v2\/posts"}],"about":[{"href":"https:\/\/periodiconuevomilenio.com\/index.php\/wp-json\/wp\/v2\/types\/post"}],"author":[{"embeddable":true,"href":"https:\/\/periodiconuevomilenio.com\/index.php\/wp-json\/wp\/v2\/users\/1"}],"replies":[{"embeddable":true,"href":"https:\/\/periodiconuevomilenio.com\/index.php\/wp-json\/wp\/v2\/comments?post=6578"}],"version-history":[{"count":2,"href":"https:\/\/periodiconuevomilenio.com\/index.php\/wp-json\/wp\/v2\/posts\/6578\/revisions"}],"predecessor-version":[{"id":6588,"href":"https:\/\/periodiconuevomilenio.com\/index.php\/wp-json\/wp\/v2\/posts\/6578\/revisions\/6588"}],"wp:featuredmedia":[{"embeddable":true,"href":"https:\/\/periodiconuevomilenio.com\/index.php\/wp-json\/wp\/v2\/media\/6579"}],"wp:attachment":[{"href":"https:\/\/periodiconuevomilenio.com\/index.php\/wp-json\/wp\/v2\/media?parent=6578"}],"wp:term":[{"taxonomy":"category","embeddable":true,"href":"https:\/\/periodiconuevomilenio.com\/index.php\/wp-json\/wp\/v2\/categories?post=6578"},{"taxonomy":"post_tag","embeddable":true,"href":"https:\/\/periodiconuevomilenio.com\/index.php\/wp-json\/wp\/v2\/tags?post=6578"}],"curies":[{"name":"wp","href":"https:\/\/api.w.org\/{rel}","templated":true}]}}