{"id":6717,"date":"2023-08-24T00:04:20","date_gmt":"2023-08-24T06:04:20","guid":{"rendered":"https:\/\/periodiconuevomilenio.com\/?p=6717"},"modified":"2023-08-24T00:04:21","modified_gmt":"2023-08-24T06:04:21","slug":"el-regreso-de-felix","status":"publish","type":"post","link":"https:\/\/periodiconuevomilenio.com\/index.php\/2023\/08\/24\/el-regreso-de-felix\/","title":{"rendered":"El regreso de F\u00e9lix"},"content":{"rendered":"\n<p>Cuando una persona decide migrar la mayor\u00eda de las veces es para buscar un mejor futuro.<\/p>\n\n\n\n<p>Muchos migrantes tienen la esperanza de volver ya con una vida resuelta para los suyos, pero el destino a veces juega mal y de manera tr\u00e1gica, tal fue el caso de F\u00e9lix.<\/p>\n\n\n\n<p>Como todas las ma\u00f1anas el 4 de mayo del presente F\u00e9lix en el \u00e1rea de Atlanta, Georgia sali\u00f3 de madrugada a su trabajo, se subi\u00f3 a la camioneta de su compa\u00f1eros y se enfil\u00f3 a su trabajo.<\/p>\n\n\n\n<p>La tragedia golpe\u00f3 al quedarse descompuesta y sin luces la camioneta en los carriles centrales de la autopista, siendo impactado por otro veh\u00edculo a alta velocidad.<\/p>\n\n\n\n<p>F\u00e9lix fue el m\u00e1s afectado resultando con diversas fracturas las cuales le causaron da\u00f1os cerebrales, fue trasladado por los servicios de emergencia al Hospital Wellstar Kennestone donde permaneci\u00f3 en calidad de desconocido.<\/p>\n\n\n\n<p>El d\u00eda 15 de mayo la familia de F\u00e9lix originarios de la comunidad de Providencia en el Municipio de Jaral del Progreso, Gto. logran contactar a Rogelio Arroyo y su esposa Lupita Tamayo quienes despu\u00e9s de una ardua b\u00fasqueda por c\u00e1rceles y hospitales lo localizan e informan a la familia del estado de salud de F\u00e9lix.<\/p>\n\n\n\n<p>Rogelio y Lupita fueron unos \u00c1ngeles para Felix ya que diariamente estuvieron visit\u00e1ndolo y estando al pendiente de su condici\u00f3n.<\/p>\n\n\n\n<p>A mediado de Julio el hospital informa que tiene que ser dado de alta y que necesitar\u00e1 cuidados especiales en casa, por lo que Rogelio y Lupita comienzan a buscar opciones para trasladarlo a Mexico.<\/p>\n\n\n\n<p>Se ponen en contacto con el club Alianza de Emigrados Jaralenses y Enoc Ishida los contacta con la Lic. Susana Guerra y la Secretaria del Migrante y Enlace Internacional.<\/p>\n\n\n\n<p>Se comienza una campa\u00f1a en internet para recaudar fondos en la cual paisanos de diversos estados de la Uni\u00f3n Americana realizan donativos para pagar la ambulancia a\u00e9rea.<\/p>\n\n\n\n<p>El Consulado Mexicano y la oficina de enlace de la Secretaria a trav\u00e9s de Ver\u00f3nica Toscano realizan los tr\u00e1mites para el regreso a Guanajuato.<\/p>\n\n\n\n<p>Y finalmente el 16 de agosto despu\u00e9s de cubrir el costo del traslado a\u00e9reo F\u00e9lix vuela a Guanajuato donde es recibido por el SUEG y trasladado al Hospital Comunitario de Jaral del Progreso.<\/p>\n\n\n\n<p>Actualmente Felix contin\u00faa con su recuperaci\u00f3n en casa.<\/p>\n\n\n\n<p>Todo esto no se hubiera logrado sin la gran voluntad de Rogelio y Lupita, sin el apoyo econ\u00f3mico de decenas de paisanos en varios lugares de Estados Unidos y las personas y dependencias que se mencionan y los medios de comunicacion en Estados Unidos y Semanario Nuevo Milenio que cubri\u00f3 su caso desde que se busc\u00f3 el traslado.<\/p>\n\n\n\n<p>Cabe aclarar que Omar Osiel de Cort\u00e1zar en ning\u00fan momento tuvo comunicaci\u00f3n con Rogelio, Lupita o la Familia de F\u00e9lix, como lo afirm\u00f3 en una nota period\u00edstica, es una ofensa para todos los paisanos que donaron su tiempo y dinero para esta causa que otras personas se cuelguen de las tragedias de otros para darse fama.<\/p>\n\n\n\n<figure class=\"wp-block-gallery has-nested-images columns-default is-cropped wp-block-gallery-1 is-layout-flex wp-block-gallery-is-layout-flex\">\n<figure class=\"wp-block-image size-large\"><img loading=\"lazy\" decoding=\"async\" width=\"1024\" height=\"768\" data-id=\"6719\" src=\"https:\/\/periodiconuevomilenio.com\/wp-content\/uploads\/2023\/08\/368226640_667131255442859_7288973129227992325_n-1.jpg\" alt=\"\" class=\"wp-image-6719\" srcset=\"https:\/\/periodiconuevomilenio.com\/wp-content\/uploads\/2023\/08\/368226640_667131255442859_7288973129227992325_n-1.jpg 1024w, https:\/\/periodiconuevomilenio.com\/wp-content\/uploads\/2023\/08\/368226640_667131255442859_7288973129227992325_n-1-300x225.jpg 300w, https:\/\/periodiconuevomilenio.com\/wp-content\/uploads\/2023\/08\/368226640_667131255442859_7288973129227992325_n-1-768x576.jpg 768w\" sizes=\"auto, (max-width: 1024px) 100vw, 1024px\" \/><\/figure>\n\n\n\n<figure class=\"wp-block-image size-large\"><img loading=\"lazy\" decoding=\"async\" width=\"1024\" height=\"768\" data-id=\"6718\" src=\"https:\/\/periodiconuevomilenio.com\/wp-content\/uploads\/2023\/08\/368240880_667131112109540_5575286854633064056_n-1.jpg\" alt=\"\" class=\"wp-image-6718\" srcset=\"https:\/\/periodiconuevomilenio.com\/wp-content\/uploads\/2023\/08\/368240880_667131112109540_5575286854633064056_n-1.jpg 1024w, https:\/\/periodiconuevomilenio.com\/wp-content\/uploads\/2023\/08\/368240880_667131112109540_5575286854633064056_n-1-300x225.jpg 300w, https:\/\/periodiconuevomilenio.com\/wp-content\/uploads\/2023\/08\/368240880_667131112109540_5575286854633064056_n-1-768x576.jpg 768w\" sizes=\"auto, (max-width: 1024px) 100vw, 1024px\" \/><\/figure>\n<\/figure>\n\n\n","protected":false},"excerpt":{"rendered":"<p>Cuando una persona decide migrar la mayor\u00eda de las veces es para buscar un mejor futuro. Muchos migrantes<\/p>\n","protected":false},"author":1,"featured_media":6718,"comment_status":"open","ping_status":"open","sticky":false,"template":"","format":"standard","meta":{"jetpack_post_was_ever_published":false,"_jetpack_newsletter_access":"","_jetpack_dont_email_post_to_subs":false,"_jetpack_newsletter_tier_id":0,"_jetpack_memberships_contains_paywalled_content":false,"_jetpack_memberships_contains_paid_content":false,"footnotes":"","jetpack_publicize_message":"","jetpack_publicize_feature_enabled":false,"jetpack_social_post_already_shared":false,"jetpack_social_options":{"image_generator_settings":{"template":"highway","enabled":false},"version":2}},"categories":[46,34],"tags":[23],"class_list":["post-6717","post","type-post","status-publish","format-standard","has-post-thumbnail","hentry","category-internacional","category-jaral-del-progreso","tag-jaral"],"jetpack_publicize_connections":[],"jetpack_sharing_enabled":true,"jetpack_featured_media_url":"https:\/\/periodiconuevomilenio.com\/wp-content\/uploads\/2023\/08\/368240880_667131112109540_5575286854633064056_n-1.jpg","_links":{"self":[{"href":"https:\/\/periodiconuevomilenio.com\/index.php\/wp-json\/wp\/v2\/posts\/6717","targetHints":{"allow":["GET"]}}],"collection":[{"href":"https:\/\/periodiconuevomilenio.com\/index.php\/wp-json\/wp\/v2\/posts"}],"about":[{"href":"https:\/\/periodiconuevomilenio.com\/index.php\/wp-json\/wp\/v2\/types\/post"}],"author":[{"embeddable":true,"href":"https:\/\/periodiconuevomilenio.com\/index.php\/wp-json\/wp\/v2\/users\/1"}],"replies":[{"embeddable":true,"href":"https:\/\/periodiconuevomilenio.com\/index.php\/wp-json\/wp\/v2\/comments?post=6717"}],"version-history":[{"count":1,"href":"https:\/\/periodiconuevomilenio.com\/index.php\/wp-json\/wp\/v2\/posts\/6717\/revisions"}],"predecessor-version":[{"id":6720,"href":"https:\/\/periodiconuevomilenio.com\/index.php\/wp-json\/wp\/v2\/posts\/6717\/revisions\/6720"}],"wp:featuredmedia":[{"embeddable":true,"href":"https:\/\/periodiconuevomilenio.com\/index.php\/wp-json\/wp\/v2\/media\/6718"}],"wp:attachment":[{"href":"https:\/\/periodiconuevomilenio.com\/index.php\/wp-json\/wp\/v2\/media?parent=6717"}],"wp:term":[{"taxonomy":"category","embeddable":true,"href":"https:\/\/periodiconuevomilenio.com\/index.php\/wp-json\/wp\/v2\/categories?post=6717"},{"taxonomy":"post_tag","embeddable":true,"href":"https:\/\/periodiconuevomilenio.com\/index.php\/wp-json\/wp\/v2\/tags?post=6717"}],"curies":[{"name":"wp","href":"https:\/\/api.w.org\/{rel}","templated":true}]}}