{"id":7461,"date":"2023-09-16T19:30:28","date_gmt":"2023-09-17T01:30:28","guid":{"rendered":"https:\/\/periodiconuevomilenio.com\/?p=7461"},"modified":"2023-09-16T19:30:29","modified_gmt":"2023-09-17T01:30:29","slug":"el-tono-va-a-la-carcel-por-homicidio-e-intento-de-homicidio-en-leon","status":"publish","type":"post","link":"https:\/\/periodiconuevomilenio.com\/index.php\/2023\/09\/16\/el-tono-va-a-la-carcel-por-homicidio-e-intento-de-homicidio-en-leon\/","title":{"rendered":"\u201cEL TO\u00d1O\u201d VA A LA C\u00c1RCEL POR HOMICIDIO E INTENTO DE HOMICIDIO EN LE\u00d3N"},"content":{"rendered":"\n<p>Le\u00f3n, Gto.- 16 de septiembre de 2023.- La Fiscal\u00eda de Guanajuato cumpliment\u00f3 orden de aprehensi\u00f3n en contra del individuo que accion\u00f3 un arma de fuego en contra de dos hombres, privando de la vida a uno y lesionando de gravedad al otro, el pasado 27 de mayo de 2023, en el interior de una barber\u00eda ubicada en la colonia Ciudad Sat\u00e9lite en la ciudad de Le\u00f3n.<\/p>\n\n\n\n<p>El Ministerio P\u00fablico estableci\u00f3 que, la tarde del pasado 27 de mayo, el imputado lleg\u00f3 a bordo de una motocicleta hasta el establecimiento ubicado en el bulevar Palmas de Mallorca, descendi\u00f3 e ingres\u00f3 al local, sac\u00f3 un arma de fuego con la que dispar\u00f3 directo al cuerpo de Juan Diego \u201cN\u201d, asesin\u00e1ndolo al instante.<\/p>\n\n\n\n<p>En ese momento, otro masculino se encontraba al exterior del establecimiento y tambi\u00e9n recibi\u00f3 disparos que lo lesionaron de gravedad, pero logr\u00f3 sobrevivir. Una vez ejecutado el ataque, el agresor abord\u00f3 la unidad y huy\u00f3.<\/p>\n\n\n\n<p>Al seguimiento de estos hechos, la Agencia de Investigaci\u00f3n Criminal realiz\u00f3 diversos trabajos de inteligencia para identificar al agresor, quien result\u00f3 ser un hombre llamado ANTONIO \u201cN\u201d tambi\u00e9n conocido como \u201cEl To\u00f1o\u201d, por lo que el Ministerio P\u00fablico solicit\u00f3 a un Juez el mandamiento judicial con la que fue posible detenerlo.<\/p>\n\n\n\n<p>Una vez en audiencia, con el presunto homicida presente, la defensa solicit\u00f3 la ampliaci\u00f3n del t\u00e9rmino constitucional y en la duplicidad se desisti\u00f3 de la presentaci\u00f3n de pruebas, por lo que el Juez resolvi\u00f3 con auto de vinculaci\u00f3n a proceso penal en contra de \u201cEl To\u00f1o\u201d por los delitos de homicidio y homicidio en grado de tentativa, e impuso prisi\u00f3n preventiva mientras se determina su sentencia.<\/p>\n\n\n\n<figure class=\"wp-block-image size-large\"><img loading=\"lazy\" decoding=\"async\" width=\"1024\" height=\"576\" src=\"https:\/\/periodiconuevomilenio.com\/wp-content\/uploads\/2023\/09\/WhatsApp-Image-2023-09-16-at-7.58.29-PM-1024x576.jpeg\" alt=\"\" class=\"wp-image-7462\" srcset=\"https:\/\/periodiconuevomilenio.com\/wp-content\/uploads\/2023\/09\/WhatsApp-Image-2023-09-16-at-7.58.29-PM-1024x576.jpeg 1024w, https:\/\/periodiconuevomilenio.com\/wp-content\/uploads\/2023\/09\/WhatsApp-Image-2023-09-16-at-7.58.29-PM-300x169.jpeg 300w, https:\/\/periodiconuevomilenio.com\/wp-content\/uploads\/2023\/09\/WhatsApp-Image-2023-09-16-at-7.58.29-PM-768x432.jpeg 768w, https:\/\/periodiconuevomilenio.com\/wp-content\/uploads\/2023\/09\/WhatsApp-Image-2023-09-16-at-7.58.29-PM.jpeg 1280w\" sizes=\"auto, (max-width: 1024px) 100vw, 1024px\" \/><\/figure>\n\n\n\n<figure class=\"wp-block-gallery has-nested-images columns-default is-cropped wp-block-gallery-1 is-layout-flex wp-block-gallery-is-layout-flex\"><\/figure>\n","protected":false},"excerpt":{"rendered":"<p>Le\u00f3n, Gto.- 16 de septiembre de 2023.- La Fiscal\u00eda de Guanajuato cumpliment\u00f3 orden de aprehensi\u00f3n en contra del<\/p>\n","protected":false},"author":1,"featured_media":7462,"comment_status":"open","ping_status":"open","sticky":false,"template":"","format":"standard","meta":{"jetpack_post_was_ever_published":false,"_jetpack_newsletter_access":"","_jetpack_dont_email_post_to_subs":false,"_jetpack_newsletter_tier_id":0,"_jetpack_memberships_contains_paywalled_content":false,"_jetpack_memberships_contains_paid_content":false,"footnotes":"","jetpack_publicize_message":"","jetpack_publicize_feature_enabled":true,"jetpack_social_post_already_shared":true,"jetpack_social_options":{"image_generator_settings":{"template":"highway","enabled":false},"version":2}},"categories":[31,48],"tags":[51],"class_list":["post-7461","post","type-post","status-publish","format-standard","has-post-thumbnail","hentry","category-estado","category-policiaca","tag-estado"],"jetpack_publicize_connections":[],"jetpack_sharing_enabled":true,"jetpack_featured_media_url":"https:\/\/periodiconuevomilenio.com\/wp-content\/uploads\/2023\/09\/WhatsApp-Image-2023-09-16-at-7.58.29-PM.jpeg","_links":{"self":[{"href":"https:\/\/periodiconuevomilenio.com\/index.php\/wp-json\/wp\/v2\/posts\/7461","targetHints":{"allow":["GET"]}}],"collection":[{"href":"https:\/\/periodiconuevomilenio.com\/index.php\/wp-json\/wp\/v2\/posts"}],"about":[{"href":"https:\/\/periodiconuevomilenio.com\/index.php\/wp-json\/wp\/v2\/types\/post"}],"author":[{"embeddable":true,"href":"https:\/\/periodiconuevomilenio.com\/index.php\/wp-json\/wp\/v2\/users\/1"}],"replies":[{"embeddable":true,"href":"https:\/\/periodiconuevomilenio.com\/index.php\/wp-json\/wp\/v2\/comments?post=7461"}],"version-history":[{"count":1,"href":"https:\/\/periodiconuevomilenio.com\/index.php\/wp-json\/wp\/v2\/posts\/7461\/revisions"}],"predecessor-version":[{"id":7463,"href":"https:\/\/periodiconuevomilenio.com\/index.php\/wp-json\/wp\/v2\/posts\/7461\/revisions\/7463"}],"wp:featuredmedia":[{"embeddable":true,"href":"https:\/\/periodiconuevomilenio.com\/index.php\/wp-json\/wp\/v2\/media\/7462"}],"wp:attachment":[{"href":"https:\/\/periodiconuevomilenio.com\/index.php\/wp-json\/wp\/v2\/media?parent=7461"}],"wp:term":[{"taxonomy":"category","embeddable":true,"href":"https:\/\/periodiconuevomilenio.com\/index.php\/wp-json\/wp\/v2\/categories?post=7461"},{"taxonomy":"post_tag","embeddable":true,"href":"https:\/\/periodiconuevomilenio.com\/index.php\/wp-json\/wp\/v2\/tags?post=7461"}],"curies":[{"name":"wp","href":"https:\/\/api.w.org\/{rel}","templated":true}]}}