{"id":7488,"date":"2023-09-17T22:01:34","date_gmt":"2023-09-18T04:01:34","guid":{"rendered":"https:\/\/periodiconuevomilenio.com\/?p=7488"},"modified":"2023-09-17T22:01:36","modified_gmt":"2023-09-18T04:01:36","slug":"la-secretaria-de-seguridad-publica-del-estado-a-traves-de-la-direccion-general-de-reintegracion-social-para-adolescentes-considera-oportuno-realizar-algunas-observaciones-al-informe-especial-de-la-cn","status":"publish","type":"post","link":"https:\/\/periodiconuevomilenio.com\/index.php\/2023\/09\/17\/la-secretaria-de-seguridad-publica-del-estado-a-traves-de-la-direccion-general-de-reintegracion-social-para-adolescentes-considera-oportuno-realizar-algunas-observaciones-al-informe-especial-de-la-cn\/","title":{"rendered":"La Secretar\u00eda de Seguridad P\u00fablica del Estado a trav\u00e9s de la Direcci\u00f3n General de Reintegraci\u00f3n Social para Adolescentes, considera oportuno realizar algunas observaciones al Informe Especial de la CNDH sobre las condiciones que viven las personas adolescentes y j\u00f3venes en conflicto con la Ley Penal en los Centros de Internamiento 2023"},"content":{"rendered":"\n<p><strong>Guanajuato, Gto., 17 de septiembre de 2023.-<\/strong> La Secretar\u00eda de Seguridad P\u00fablica del Estado por medio de la Direcci\u00f3n General de Reintegraci\u00f3n Social para Adolescentes, da a conocer que derivado del Informe Especial sobre las condiciones que viven las personas adolescentes en conflicto con la Ley Penal en los Centros de Internamiento 2023 de la Comisi\u00f3n Nacional de Derechos Humanos, se considera pertinente realizar algunas observaciones.<\/p>\n\n\n\n<p>Por ello, es importante se\u00f1alar que la Direcci\u00f3n General de Reintegraci\u00f3n Social para Adolescentes, una vez analizado el contenido de dicho informe, respecto de las personas adolescentes bajo alguna medida cautelar de internamiento preventivo o bien bajo una medida de sanci\u00f3n de internamiento definitivo, internas en el Centro de Internamiento Especializado para Adolescentes, se estima oportuno hacer las anotaciones correspondientes:<\/p>\n\n\n\n<p>La Direcci\u00f3n General de Reintegraci\u00f3n Social para Adolescentes, es la Autoridad Administrativa especializada dependiente de la Administraci\u00f3n estatal con autonom\u00eda t\u00e9cnica, operativa y de gesti\u00f3n, es decir, es independiente y no depende de la Direcci\u00f3n General del Sistema Penitenciario del Estado de Guanajuato<\/p>\n\n\n\n<p>En el citado Informe Especial, en el rubro denominado \u201cReingreso\u201d se menciona sobre la presencia de seis adolescentes que hab\u00edan ingresado previamente a un centro de internamiento. Al momento de la visita del personal de la CNDH, s\u00f3lo hab\u00eda un adolescente con ingreso previo actual, pero en ese primer ingreso no fue sujeto a sanci\u00f3n alguna por parte del \u00f3rgano jurisdiccional especializado.<\/p>\n\n\n\n<p>Con relaci\u00f3n al rubro \u201cInd\u00edgenas\u201d, el Informe cita que se contaba con tres adolescentes pertenecientes a alguna comunidad ind\u00edgena. Al momento de la visita del organismo, no hab\u00eda ning\u00fan adolescente de origen ind\u00edgena.<\/p>\n\n\n\n<p>Respecto al rubro denominado \u201cExtranjeros\u201d, el Informe reporta que hab\u00eda dos adolescentes de origen extranjero. Al momento de la visita, no se contaba con ninguna persona adolescente de procedencia extranjera.<\/p>\n\n\n\n<p>Otro rubro, referido a las conductas tipificadas como delitos atribuidas a las personas adolescentes en internamiento, las cifras del Informe Especial no son coincidentes de acuerdo a los datos expresados en siguiente tabla:<\/p>\n\n\n\n<figure class=\"wp-block-table\"><table><tbody><tr><td><strong>Conducta<\/strong><\/td><td><strong>Cifras del Informe<\/strong><\/td><td><strong>Cifras reales<\/strong><\/td><\/tr><tr><td>Contra la Salud<\/td><td>20 adolescentes<\/td><td>08 adolescentes<\/td><\/tr><tr><td>Secuestro<\/td><td>17 adolescentes<\/td><td>11 adolescentes<\/td><\/tr><tr><td>Lesiones<\/td><td>06 adolescentes<\/td><td>0 adolescentes<\/td><\/tr><tr><td>Feminicidio<\/td><td>04 adolescentes<\/td><td>01 adolescente<\/td><\/tr><tr><td>Delincuencia organizada<\/td><td>10 adolescentes<\/td><td>0 adolescentes<\/td><\/tr><\/tbody><\/table><\/figure>\n\n\n\n<p>Por otra parte, en el rubro denominado \u201cDerecho a la participaci\u00f3n de las personas adolescentes y j\u00f3venes\u201d, se reporta que ocho adolescentes desconoc\u00edan el plan de actividades. En ese sentido, es importante puntualizar que cada adolescente del Centro de Internamiento Especializado participa en el Plan de Actividades y de Ejecuci\u00f3n. Son notificados de manera formal y para ello firman de enterados y de conformidad.<\/p>\n\n\n\n<p>En otro rubro, referente a \u201cAutoridades corresponsables y organizaciones coadyuvantes\u201d, se menciona que el Centro no cuenta con convenios de colaboraci\u00f3n con instituciones para proporcionar actividades art\u00edsticas y culturales. Es importante citar que el Centro cuenta con una Coordinaci\u00f3n Cultural a trav\u00e9s de la cual se les proporciona a los adolescentes talleres l\u00fadicos, pintura, escultura, talleres de lectura, muralismo, entre otros, formando parte as\u00ed de las actividades art\u00edsticas y culturales permanentes.<\/p>\n\n\n\n<p>\u201cDerecho al descanso. Tiempo libre\u201d, otro de los rubros del Informe Especial, seg\u00fan el Informe, se identific\u00f3 a tres adolescentes que refirieron que no asist\u00edan a las actividades de manera general. Cabe decir que el 100 por ciento de los adolescentes participan en las actividades propias del Centro en las \u00e1reas de salud, educaci\u00f3n, laboral, deporte, psicolog\u00eda, criminolog\u00eda y trabajo social. Adem\u00e1s, otras instituciones coadyuvantes en el proceso de reintegraci\u00f3n y reinserci\u00f3n social, proporcionan tambi\u00e9n actividades.<\/p>\n\n\n\n<p>En lo que respecta al rubro de \u201cCapacitaci\u00f3n\u201d, el informe refiere que el personal de las \u00e1reas de Psicolog\u00eda y Criminolog\u00eda se encuentra sin capacitaci\u00f3n en materia de Tortura o penas crueles, inhumanos o degradantes y de igual manera en el rubro \u201cAspectos relacionados con el trato\u201d, sostiene que se obtuvo una negativa a haber recibido capacitaci\u00f3n en materia de tortura u otro trato o pena cruel, inhumano o degradante, al respecto, se hace de su conocimiento que el personal ha recibido diferentes capacitaciones sobre el tema referido<\/p>\n\n\n\n<p>Con relaci\u00f3n al rubro \u201cSupervisi\u00f3n del personal en el interior de los Centros\u201d, el Informe cita que las personas adolescentes se\u00f1alaron que el Director nunca ingresa a realizar supervisiones personalmente. Las bit\u00e1coras elaboradas por la Coordinaci\u00f3n de Gu\u00edas T\u00e9cnicos (conocidos en su momento como custodios) contienen el registro del recorrido de supervisi\u00f3n de dos a tres veces diarias. Tambi\u00e9n los listados de atenci\u00f3n a audiencias a las personas adolescentes en internamiento, contienen ese mismo registro.<\/p>\n\n\n\n<p>Por \u00faltimo, en el rubro \u201cInformaci\u00f3n de la normatividad aplicable\u201d, el Centro de Internamiento Especializado para Adolescentes cuenta con el Reglamento Interior de los Centros de Internamiento para Adolescentes del Estado de Guanajuato, acorde a la Ley Nacional del Sistema Integral de Justicia Penal para Adolescentes, publicado en el Peri\u00f3dico Oficial del Gobierno del Estado n\u00famero 253, del a\u00f1o 2022.<\/p>\n\n\n\n<p>Es importante referir que esta Autoridad Administrativa reconoce que las personas adolescentes gozan de todos los derechos humanos inherentes a las personas, por lo que les ser\u00e1n garantizadas las oportunidades y facilidades, a fin de asegurarles las mejores condiciones para su desarrollo f\u00edsico, psicol\u00f3gico y social, en condiciones de dignidad.<\/p>\n\n\n\n<p>Lo anterior con fundamento en los art\u00edculos 2 fracci\u00f3n II, 13, 71 y 72 fracci\u00f3n IV incisos a), b) y c) de la Ley Nacional del Sistema Integral de Justicia Penal para Adolescentes y 3, 10 fracci\u00f3n I del Reglamento Interior de los Centros de Internamiento para Adolescentes del Estado de Guanajuato.<\/p>\n","protected":false},"excerpt":{"rendered":"<p>Guanajuato, Gto., 17 de septiembre de 2023.- La Secretar\u00eda de Seguridad P\u00fablica del Estado por medio de la<\/p>\n","protected":false},"author":1,"featured_media":0,"comment_status":"open","ping_status":"open","sticky":false,"template":"","format":"standard","meta":{"jetpack_post_was_ever_published":false,"_jetpack_newsletter_access":"","_jetpack_dont_email_post_to_subs":false,"_jetpack_newsletter_tier_id":0,"_jetpack_memberships_contains_paywalled_content":false,"_jetpack_memberships_contains_paid_content":false,"footnotes":"","jetpack_publicize_message":"","jetpack_publicize_feature_enabled":true,"jetpack_social_post_already_shared":true,"jetpack_social_options":{"image_generator_settings":{"template":"highway","enabled":false},"version":2}},"categories":[31,48],"tags":[51],"class_list":["post-7488","post","type-post","status-publish","format-standard","hentry","category-estado","category-policiaca","tag-estado"],"jetpack_publicize_connections":[],"jetpack_sharing_enabled":true,"jetpack_featured_media_url":"","_links":{"self":[{"href":"https:\/\/periodiconuevomilenio.com\/index.php\/wp-json\/wp\/v2\/posts\/7488","targetHints":{"allow":["GET"]}}],"collection":[{"href":"https:\/\/periodiconuevomilenio.com\/index.php\/wp-json\/wp\/v2\/posts"}],"about":[{"href":"https:\/\/periodiconuevomilenio.com\/index.php\/wp-json\/wp\/v2\/types\/post"}],"author":[{"embeddable":true,"href":"https:\/\/periodiconuevomilenio.com\/index.php\/wp-json\/wp\/v2\/users\/1"}],"replies":[{"embeddable":true,"href":"https:\/\/periodiconuevomilenio.com\/index.php\/wp-json\/wp\/v2\/comments?post=7488"}],"version-history":[{"count":1,"href":"https:\/\/periodiconuevomilenio.com\/index.php\/wp-json\/wp\/v2\/posts\/7488\/revisions"}],"predecessor-version":[{"id":7489,"href":"https:\/\/periodiconuevomilenio.com\/index.php\/wp-json\/wp\/v2\/posts\/7488\/revisions\/7489"}],"wp:attachment":[{"href":"https:\/\/periodiconuevomilenio.com\/index.php\/wp-json\/wp\/v2\/media?parent=7488"}],"wp:term":[{"taxonomy":"category","embeddable":true,"href":"https:\/\/periodiconuevomilenio.com\/index.php\/wp-json\/wp\/v2\/categories?post=7488"},{"taxonomy":"post_tag","embeddable":true,"href":"https:\/\/periodiconuevomilenio.com\/index.php\/wp-json\/wp\/v2\/tags?post=7488"}],"curies":[{"name":"wp","href":"https:\/\/api.w.org\/{rel}","templated":true}]}}