{"id":7502,"date":"2023-09-18T22:54:19","date_gmt":"2023-09-19T04:54:19","guid":{"rendered":"https:\/\/periodiconuevomilenio.com\/?p=7502"},"modified":"2023-09-18T22:54:20","modified_gmt":"2023-09-19T04:54:20","slug":"presenta-seg-la-agenda-transversal-educamos-para-la-paz","status":"publish","type":"post","link":"https:\/\/periodiconuevomilenio.com\/index.php\/2023\/09\/18\/presenta-seg-la-agenda-transversal-educamos-para-la-paz\/","title":{"rendered":"Presenta SEG la Agenda Transversal \u201cEducamos para la Paz\u201d"},"content":{"rendered":"\n<p>Se fomenta una colaboraci\u00f3n entre distintas instancias para fortalecer espacios protectores para ni\u00f1as, ni\u00f1os, adolescentes y j\u00f3venes.<\/p>\n\n\n\n<p>Arranca d\u00e9cima semana escolar por la paz.<\/p>\n\n\n\n<p><strong>Guanajuato, Gto. 18 de septiembre del 2023.-<\/strong>&nbsp;En el marco de la Semana Escolar por la Paz, la Secretar\u00eda de Educaci\u00f3n de Guanajuato, llev\u00f3 a cabo la presentaci\u00f3n de la Agenda Transversal \u201cEducamos para la Paz\u201d que tiene por objetivo refrendar el compromiso adquirido por las dependencias estatales para una convivencia escolar pac\u00edfica y el entorno, adem\u00e1s de la coordinaci\u00f3n con padres y madres de familia, autoridades escolares, docentes, educandos e instancias municipales y estatales, para seguir implementando acciones desde su \u00e1mbito de competencia en beneficio de las y los estudiantes.<\/p>\n\n\n\n<p>El Secretario de Educaci\u00f3n, Jorge Enrique Hern\u00e1ndez Meza, en representaci\u00f3n del Gobernador del Estado, present\u00f3 la Agenda Transversal, la cual fomenta una colaboraci\u00f3n entre distintas instancias para fortalecer espacios y caminos escolares seguros y protectores, mediante la suma de esfuerzos de la comunidad educativa, instancias de gobierno y la sociedad civil.<\/p>\n\n\n\n<p>Dicha agenda implica la implementaci\u00f3n de programas que favorecen la cultura de la prevenci\u00f3n en la comunidad educativa y su entorno, anteponiendo acciones de paz y convivencia entre las y los educandos, el camino a la escuela y los hogares.<\/p>\n\n\n\n<p>\u201cEn Guanajuato estamos haciendo estrategias de educaci\u00f3n que favorezcan, a las ni\u00f1as, ni\u00f1os y adolescentes, un ambiente de paz en sus escuelas\u201d, as\u00ed lo coment\u00f3 Jorge Enrique Hern\u00e1ndez Meza.<\/p>\n\n\n\n<p>En el evento, estuvo presente Adolfo Rodr\u00edguez Guerrero, especialista en Educaci\u00f3n de la UNESCO en M\u00e9xico, quien respald\u00f3 el compromiso con la Agenda Transversal, puesto que las ni\u00f1as, ni\u00f1os y adolescentes son la esencia de esta instituci\u00f3n para seguir realizando acciones en pro de su educaci\u00f3n.<\/p>\n\n\n\n<p>La Agenda Transversal toma como base lo establecido en el Modelo de Convivencia para Atender, Prevenir y Erradicar la Violencia Escolar, modelo que en el que Guanajuato es pionero a nivel nacional, que promueve la convivencia basada en el trato respetuoso, la inclusi\u00f3n, la participaci\u00f3n democr\u00e1tica y la resoluci\u00f3n pac\u00edfica de los conflictos.<\/p>\n\n\n\n<p>Est\u00e1 integrada por 38 acciones clave, con la colaboraci\u00f3n de 7 dependencias del Gobierno Estatal (Instituto de las Mujeres Guanajuatense, Comisi\u00f3n del Deporte del Estado de Guanajuato, Secretar\u00eda de Salud, Secretar\u00eda de Seguridad P\u00fablica, Secretar\u00eda de Desarrollo Social y Humano, Secretar\u00eda de Educaci\u00f3n de Guanajuato, Sistema Estatal de Protecci\u00f3n Integral de Ni\u00f1as, Ni\u00f1os y Adolescentes) y Ayuntamientos municipales, para fortalecer espacios escolares seguros y protegidos.<\/p>\n\n\n\n<p>Adem\u00e1s de promover la corresponsabilidad de madres, padres, tutoras, tutores y cuidadores en la formaci\u00f3n socioemocional de las y los estudiantes para la resoluci\u00f3n pac\u00edfica de los conflictos.<\/p>\n\n\n\n<p><strong>Da inicio D\u00e9cima Semana Escolar por la Paz<\/strong><\/p>\n\n\n\n<p>Por otro lado, durante la d\u00e9cima Semana Escolar por la Paz, a celebrarse del 18 al 22 de septiembre,&nbsp; las instituciones educativas de educaci\u00f3n b\u00e1sica y media superior realizan actividades en coordinaci\u00f3n con instituciones gubernamentales y organizaciones civiles.<\/p>\n\n\n\n<p>El programa est\u00e1 conformado por una amplia variedad de actividades did\u00e1cticas que permitir\u00e1n a ni\u00f1as, ni\u00f1os y adolescentes aprender a resolver conflictos de manera pac\u00edfica, fortaleciendo las habilidades socioemocionales de las y los menores, promoviendo los derechos humanos y ejecutando pr\u00e1cticas pedag\u00f3gicas inclusivas, equitativas y participativas.<\/p>\n\n\n\n<p>En la regi\u00f3n I, se llev\u00f3 a cabo el arranque oficial de actividades en el jard\u00edn de ni\u00f1os Francisco Gonz\u00e1lez Bocanegra, de la Zona Escolar 27 de cabecera municipal en San Felipe, en donde las y los peque\u00f1os estudiantes realizaron alegres bailes y creativos carteles, con los que invitaron a toda la comunidad escolar a promover y llevar a cabo una cultura de paz.<\/p>\n\n\n\n<p>En las m\u00e1s de dos mil escuelas de nivel b\u00e1sico de la Regi\u00f3n IV de Educaci\u00f3n, autoridades educativas, directivos docentes, padres y madres de familia, participan en diversas actividades encaminadas a promover y fortalecer los valores. Estas acciones vendr\u00e1n a impulsar ambientes libres de violencia en las escuelas y que estas se conviertan en espacios que transmitan paz hacia los hogares y sus comunidades.<\/p>\n\n\n\n<p>Por su parte, la Delegaci\u00f3n regional VI, estar\u00e1 efectuando talleres, conferencias e intercambio de experiencias, en las que estar\u00e1n participando alrededor de 100 mil estudiantes de preescolar, primaria y secundaria, con el fin de promover la cultura de la paz, de una manera integral, ya sea en sus centros educativos, su entorno social y sus hogares.<\/p>\n\n\n\n<p>En lo que respecta a la Delegaci\u00f3n regional VII de Educaci\u00f3n lleva a cabo la conferencia \u201cEn mi escuela construimos la paz\u201d, en escuelas de educaci\u00f3n b\u00e1sica, con el objetivo de fomentar la educaci\u00f3n por la paz y los factores protectores para la construcci\u00f3n de ambientes escolares con una cultura de respeto para todas y todos los estudiantes en un ambiente colectivo de respeto y tranquilidad.<\/p>\n\n\n\n<p>Cabe se\u00f1alar, que durante toda la semana se estar\u00e1n realizando actividades en todos los municipios del estado de Guanajuato, involucrando a las y los estudiantes de educaci\u00f3n b\u00e1sica, en las que podr\u00e1n aportar sus ideas y propuestas en busca de la paz.<\/p>\n\n\n\n<p>Las actividades programadas durante esta semana pueden consultarse en:&nbsp;<a href=\"https:\/\/www.seg.guanajuato.gob.mx\/Aconvivir\/SitePages\/SemanaEscolarporlaPaz.aspx\">Aconvivir \u2013 SemanaEscolarporlaPaz (guanajuato.gob.mx)<\/a><\/p>\n\n\n\n<figure class=\"wp-block-gallery has-nested-images columns-default is-cropped wp-block-gallery-1 is-layout-flex wp-block-gallery-is-layout-flex\">\n<figure class=\"wp-block-image size-large\"><img loading=\"lazy\" decoding=\"async\" width=\"1024\" height=\"937\" data-id=\"7512\" src=\"https:\/\/periodiconuevomilenio.com\/wp-content\/uploads\/2023\/09\/9.jpg\" alt=\"\" class=\"wp-image-7512\" srcset=\"https:\/\/periodiconuevomilenio.com\/wp-content\/uploads\/2023\/09\/9.jpg 1024w, https:\/\/periodiconuevomilenio.com\/wp-content\/uploads\/2023\/09\/9-300x275.jpg 300w, https:\/\/periodiconuevomilenio.com\/wp-content\/uploads\/2023\/09\/9-768x703.jpg 768w\" sizes=\"auto, (max-width: 1024px) 100vw, 1024px\" \/><\/figure>\n\n\n\n<figure class=\"wp-block-image size-large\"><img loading=\"lazy\" decoding=\"async\" width=\"1024\" height=\"737\" data-id=\"7514\" src=\"https:\/\/periodiconuevomilenio.com\/wp-content\/uploads\/2023\/09\/6-2.jpg\" alt=\"\" class=\"wp-image-7514\" srcset=\"https:\/\/periodiconuevomilenio.com\/wp-content\/uploads\/2023\/09\/6-2.jpg 1024w, https:\/\/periodiconuevomilenio.com\/wp-content\/uploads\/2023\/09\/6-2-300x216.jpg 300w, https:\/\/periodiconuevomilenio.com\/wp-content\/uploads\/2023\/09\/6-2-768x553.jpg 768w\" sizes=\"auto, (max-width: 1024px) 100vw, 1024px\" \/><\/figure>\n\n\n\n<figure class=\"wp-block-image size-large\"><img loading=\"lazy\" decoding=\"async\" width=\"1024\" height=\"764\" data-id=\"7511\" src=\"https:\/\/periodiconuevomilenio.com\/wp-content\/uploads\/2023\/09\/7-2.jpg\" alt=\"\" class=\"wp-image-7511\" srcset=\"https:\/\/periodiconuevomilenio.com\/wp-content\/uploads\/2023\/09\/7-2.jpg 1024w, https:\/\/periodiconuevomilenio.com\/wp-content\/uploads\/2023\/09\/7-2-300x224.jpg 300w, https:\/\/periodiconuevomilenio.com\/wp-content\/uploads\/2023\/09\/7-2-768x573.jpg 768w\" sizes=\"auto, (max-width: 1024px) 100vw, 1024px\" \/><\/figure>\n\n\n\n<figure class=\"wp-block-image size-large\"><img loading=\"lazy\" decoding=\"async\" width=\"1024\" height=\"682\" data-id=\"7513\" src=\"https:\/\/periodiconuevomilenio.com\/wp-content\/uploads\/2023\/09\/8.jpg\" alt=\"\" class=\"wp-image-7513\" srcset=\"https:\/\/periodiconuevomilenio.com\/wp-content\/uploads\/2023\/09\/8.jpg 1024w, https:\/\/periodiconuevomilenio.com\/wp-content\/uploads\/2023\/09\/8-300x200.jpg 300w, https:\/\/periodiconuevomilenio.com\/wp-content\/uploads\/2023\/09\/8-768x512.jpg 768w\" sizes=\"auto, (max-width: 1024px) 100vw, 1024px\" \/><\/figure>\n<\/figure>\n\n\n\n<figure class=\"wp-block-gallery has-nested-images columns-default is-cropped wp-block-gallery-2 is-layout-flex wp-block-gallery-is-layout-flex\">\n<figure class=\"wp-block-image size-large\"><img loading=\"lazy\" decoding=\"async\" width=\"1024\" height=\"528\" data-id=\"7503\" src=\"https:\/\/periodiconuevomilenio.com\/wp-content\/uploads\/2023\/09\/0.jpg\" alt=\"\" class=\"wp-image-7503\" srcset=\"https:\/\/periodiconuevomilenio.com\/wp-content\/uploads\/2023\/09\/0.jpg 1024w, https:\/\/periodiconuevomilenio.com\/wp-content\/uploads\/2023\/09\/0-300x155.jpg 300w, https:\/\/periodiconuevomilenio.com\/wp-content\/uploads\/2023\/09\/0-768x396.jpg 768w\" sizes=\"auto, (max-width: 1024px) 100vw, 1024px\" \/><\/figure>\n\n\n\n<figure class=\"wp-block-image size-large\"><img loading=\"lazy\" decoding=\"async\" width=\"1024\" height=\"696\" data-id=\"7509\" src=\"https:\/\/periodiconuevomilenio.com\/wp-content\/uploads\/2023\/09\/4-4.jpg\" alt=\"\" class=\"wp-image-7509\" srcset=\"https:\/\/periodiconuevomilenio.com\/wp-content\/uploads\/2023\/09\/4-4.jpg 1024w, https:\/\/periodiconuevomilenio.com\/wp-content\/uploads\/2023\/09\/4-4-300x204.jpg 300w, https:\/\/periodiconuevomilenio.com\/wp-content\/uploads\/2023\/09\/4-4-768x522.jpg 768w\" sizes=\"auto, (max-width: 1024px) 100vw, 1024px\" \/><\/figure>\n\n\n\n<figure class=\"wp-block-image size-large\"><img loading=\"lazy\" decoding=\"async\" width=\"1024\" height=\"590\" data-id=\"7507\" src=\"https:\/\/periodiconuevomilenio.com\/wp-content\/uploads\/2023\/09\/5-1.jpg\" alt=\"\" class=\"wp-image-7507\" srcset=\"https:\/\/periodiconuevomilenio.com\/wp-content\/uploads\/2023\/09\/5-1.jpg 1024w, https:\/\/periodiconuevomilenio.com\/wp-content\/uploads\/2023\/09\/5-1-300x173.jpg 300w, https:\/\/periodiconuevomilenio.com\/wp-content\/uploads\/2023\/09\/5-1-768x443.jpg 768w\" sizes=\"auto, (max-width: 1024px) 100vw, 1024px\" \/><\/figure>\n\n\n\n<figure class=\"wp-block-image size-large\"><img loading=\"lazy\" decoding=\"async\" width=\"1024\" height=\"682\" data-id=\"7506\" src=\"https:\/\/periodiconuevomilenio.com\/wp-content\/uploads\/2023\/09\/e.jpg\" alt=\"\" class=\"wp-image-7506\" srcset=\"https:\/\/periodiconuevomilenio.com\/wp-content\/uploads\/2023\/09\/e.jpg 1024w, https:\/\/periodiconuevomilenio.com\/wp-content\/uploads\/2023\/09\/e-300x200.jpg 300w, https:\/\/periodiconuevomilenio.com\/wp-content\/uploads\/2023\/09\/e-768x512.jpg 768w\" sizes=\"auto, (max-width: 1024px) 100vw, 1024px\" \/><\/figure>\n\n\n\n<figure class=\"wp-block-image size-large\"><img loading=\"lazy\" decoding=\"async\" width=\"1024\" height=\"800\" data-id=\"7508\" src=\"https:\/\/periodiconuevomilenio.com\/wp-content\/uploads\/2023\/09\/403b4905-0428-41bb-b59b-ba649535e5a3-copia-1024x800.jpg\" alt=\"\" class=\"wp-image-7508\" srcset=\"https:\/\/periodiconuevomilenio.com\/wp-content\/uploads\/2023\/09\/403b4905-0428-41bb-b59b-ba649535e5a3-copia-1024x800.jpg 1024w, https:\/\/periodiconuevomilenio.com\/wp-content\/uploads\/2023\/09\/403b4905-0428-41bb-b59b-ba649535e5a3-copia-300x234.jpg 300w, https:\/\/periodiconuevomilenio.com\/wp-content\/uploads\/2023\/09\/403b4905-0428-41bb-b59b-ba649535e5a3-copia-768x600.jpg 768w, https:\/\/periodiconuevomilenio.com\/wp-content\/uploads\/2023\/09\/403b4905-0428-41bb-b59b-ba649535e5a3-copia.jpg 1280w\" sizes=\"auto, (max-width: 1024px) 100vw, 1024px\" \/><\/figure>\n\n\n\n<figure class=\"wp-block-image size-large\"><img loading=\"lazy\" decoding=\"async\" width=\"1024\" height=\"768\" data-id=\"7510\" src=\"https:\/\/periodiconuevomilenio.com\/wp-content\/uploads\/2023\/09\/a1c9e662-5bac-4a16-b57b-3d6c3ed6a2ab-copia-1024x768.jpg\" alt=\"\" class=\"wp-image-7510\" srcset=\"https:\/\/periodiconuevomilenio.com\/wp-content\/uploads\/2023\/09\/a1c9e662-5bac-4a16-b57b-3d6c3ed6a2ab-copia-1024x768.jpg 1024w, https:\/\/periodiconuevomilenio.com\/wp-content\/uploads\/2023\/09\/a1c9e662-5bac-4a16-b57b-3d6c3ed6a2ab-copia-300x225.jpg 300w, https:\/\/periodiconuevomilenio.com\/wp-content\/uploads\/2023\/09\/a1c9e662-5bac-4a16-b57b-3d6c3ed6a2ab-copia-768x576.jpg 768w, https:\/\/periodiconuevomilenio.com\/wp-content\/uploads\/2023\/09\/a1c9e662-5bac-4a16-b57b-3d6c3ed6a2ab-copia-1536x1152.jpg 1536w, https:\/\/periodiconuevomilenio.com\/wp-content\/uploads\/2023\/09\/a1c9e662-5bac-4a16-b57b-3d6c3ed6a2ab-copia.jpg 1600w\" sizes=\"auto, (max-width: 1024px) 100vw, 1024px\" \/><\/figure>\n\n\n\n<figure class=\"wp-block-image size-large\"><img loading=\"lazy\" decoding=\"async\" width=\"720\" height=\"960\" data-id=\"7504\" src=\"https:\/\/periodiconuevomilenio.com\/wp-content\/uploads\/2023\/09\/20589036-d156-43db-8766-6c44bf3e7906-copia.jpg\" alt=\"\" class=\"wp-image-7504\" srcset=\"https:\/\/periodiconuevomilenio.com\/wp-content\/uploads\/2023\/09\/20589036-d156-43db-8766-6c44bf3e7906-copia.jpg 720w, https:\/\/periodiconuevomilenio.com\/wp-content\/uploads\/2023\/09\/20589036-d156-43db-8766-6c44bf3e7906-copia-225x300.jpg 225w\" sizes=\"auto, (max-width: 720px) 100vw, 720px\" \/><\/figure>\n\n\n\n<figure class=\"wp-block-image size-large\"><img loading=\"lazy\" decoding=\"async\" width=\"1024\" height=\"528\" data-id=\"7505\" src=\"https:\/\/periodiconuevomilenio.com\/wp-content\/uploads\/2023\/09\/0-copia.jpg\" alt=\"\" class=\"wp-image-7505\" srcset=\"https:\/\/periodiconuevomilenio.com\/wp-content\/uploads\/2023\/09\/0-copia.jpg 1024w, https:\/\/periodiconuevomilenio.com\/wp-content\/uploads\/2023\/09\/0-copia-300x155.jpg 300w, https:\/\/periodiconuevomilenio.com\/wp-content\/uploads\/2023\/09\/0-copia-768x396.jpg 768w\" sizes=\"auto, (max-width: 1024px) 100vw, 1024px\" \/><\/figure>\n<\/figure>\n\n\n\n<p><a href=\"https:\/\/boletines.guanajuato.gob.mx\/2023\/09\/18\/presenta-seg-la-agenda-transversal-educamos-para-la-paz\/\"><\/a><\/p>\n\n\n\n<figure class=\"wp-block-gallery has-nested-images columns-default is-cropped wp-block-gallery-3 is-layout-flex wp-block-gallery-is-layout-flex\"><\/figure>\n","protected":false},"excerpt":{"rendered":"<p>Se fomenta una colaboraci\u00f3n entre distintas instancias para fortalecer espacios protectores para ni\u00f1as, ni\u00f1os, adolescentes y j\u00f3venes. Arranca<\/p>\n","protected":false},"author":1,"featured_media":7507,"comment_status":"open","ping_status":"open","sticky":false,"template":"","format":"standard","meta":{"jetpack_post_was_ever_published":false,"_jetpack_newsletter_access":"","_jetpack_dont_email_post_to_subs":false,"_jetpack_newsletter_tier_id":0,"_jetpack_memberships_contains_paywalled_content":false,"_jetpack_memberships_contains_paid_content":false,"footnotes":"","jetpack_publicize_message":"","jetpack_publicize_feature_enabled":false,"jetpack_social_post_already_shared":false,"jetpack_social_options":{"image_generator_settings":{"template":"highway","enabled":false},"version":2}},"categories":[31],"tags":[51],"class_list":["post-7502","post","type-post","status-publish","format-standard","has-post-thumbnail","hentry","category-estado","tag-estado"],"jetpack_publicize_connections":[],"jetpack_sharing_enabled":true,"jetpack_featured_media_url":"https:\/\/periodiconuevomilenio.com\/wp-content\/uploads\/2023\/09\/5-1.jpg","_links":{"self":[{"href":"https:\/\/periodiconuevomilenio.com\/index.php\/wp-json\/wp\/v2\/posts\/7502","targetHints":{"allow":["GET"]}}],"collection":[{"href":"https:\/\/periodiconuevomilenio.com\/index.php\/wp-json\/wp\/v2\/posts"}],"about":[{"href":"https:\/\/periodiconuevomilenio.com\/index.php\/wp-json\/wp\/v2\/types\/post"}],"author":[{"embeddable":true,"href":"https:\/\/periodiconuevomilenio.com\/index.php\/wp-json\/wp\/v2\/users\/1"}],"replies":[{"embeddable":true,"href":"https:\/\/periodiconuevomilenio.com\/index.php\/wp-json\/wp\/v2\/comments?post=7502"}],"version-history":[{"count":1,"href":"https:\/\/periodiconuevomilenio.com\/index.php\/wp-json\/wp\/v2\/posts\/7502\/revisions"}],"predecessor-version":[{"id":7515,"href":"https:\/\/periodiconuevomilenio.com\/index.php\/wp-json\/wp\/v2\/posts\/7502\/revisions\/7515"}],"wp:featuredmedia":[{"embeddable":true,"href":"https:\/\/periodiconuevomilenio.com\/index.php\/wp-json\/wp\/v2\/media\/7507"}],"wp:attachment":[{"href":"https:\/\/periodiconuevomilenio.com\/index.php\/wp-json\/wp\/v2\/media?parent=7502"}],"wp:term":[{"taxonomy":"category","embeddable":true,"href":"https:\/\/periodiconuevomilenio.com\/index.php\/wp-json\/wp\/v2\/categories?post=7502"},{"taxonomy":"post_tag","embeddable":true,"href":"https:\/\/periodiconuevomilenio.com\/index.php\/wp-json\/wp\/v2\/tags?post=7502"}],"curies":[{"name":"wp","href":"https:\/\/api.w.org\/{rel}","templated":true}]}}