{"id":7900,"date":"2023-10-02T16:28:15","date_gmt":"2023-10-02T22:28:15","guid":{"rendered":"https:\/\/periodiconuevomilenio.com\/?p=7900"},"modified":"2023-10-02T16:28:17","modified_gmt":"2023-10-02T22:28:17","slug":"dos-sujetos-fueron-detenidos-por-robo-de-vehiculo-en-san-jose-iturbide","status":"publish","type":"post","link":"https:\/\/periodiconuevomilenio.com\/index.php\/2023\/10\/02\/dos-sujetos-fueron-detenidos-por-robo-de-vehiculo-en-san-jose-iturbide\/","title":{"rendered":"DOS SUJETOS FUERON DETENIDOS POR ROBO DE VEH\u00cdCULO EN SAN JOS\u00c9 ITURBIDE"},"content":{"rendered":"\n<p>San Jos\u00e9 Iturbide, Gto.- La Fiscal\u00eda de Guanajuato acredit\u00f3 la presunta participaci\u00f3n de OMAR ROVISEL \u201cN\u201d y URIEL \u201cN\u201d en el robo de una camioneta en la localidad de El Capul\u00edn en San Jos\u00e9 Iturbide, delito por el que se encuentran en prisi\u00f3n, vinculados a proceso penal.<\/p>\n\n\n\n<p>De acuerdo a las investigaciones, alrededor de las 08:30 horas del pasado 27 de septiembre, los imputados sustrajeron una unidad motriz que se encontraba estacionada en las inmediaciones del local comercial del ofendido, dirigi\u00e9ndose de manera posterior con rumbo a la carretera estatal San Jos\u00e9 Iturbide \u2013 Tierra Blanca.<\/p>\n\n\n\n<p>Al recibir el reporte de la v\u00edctima, Agentes de Investigaci\u00f3n activaron protocolos de b\u00fasqueda del veh\u00edculo con la colaboraci\u00f3n de Seguridad P\u00fablica Municipal, y a la altura de la comunidad de El Jaralillo, se logr\u00f3 la recuperaci\u00f3n de la camioneta y la detenci\u00f3n de los imputados.<\/p>\n\n\n\n<p>Durante la audiencia, el Juez de control, calific\u00f3 de legal la detenci\u00f3n, vinculando a proceso penal a URIEL \u201cN\u201d y OMAR ROVISEL \u201cN\u201d, quienes permanecer\u00e1n en la c\u00e1rcel en espera de la sentencia correspondiente por el delito de robo calificado.<\/p>\n\n\n\n<figure class=\"wp-block-image size-large\"><img loading=\"lazy\" decoding=\"async\" width=\"1024\" height=\"576\" src=\"https:\/\/periodiconuevomilenio.com\/wp-content\/uploads\/2023\/10\/WhatsApp-Image-2023-10-01-at-3.28.22-PM-1024x576.jpeg\" alt=\"\" class=\"wp-image-7901\" srcset=\"https:\/\/periodiconuevomilenio.com\/wp-content\/uploads\/2023\/10\/WhatsApp-Image-2023-10-01-at-3.28.22-PM-1024x576.jpeg 1024w, https:\/\/periodiconuevomilenio.com\/wp-content\/uploads\/2023\/10\/WhatsApp-Image-2023-10-01-at-3.28.22-PM-300x169.jpeg 300w, https:\/\/periodiconuevomilenio.com\/wp-content\/uploads\/2023\/10\/WhatsApp-Image-2023-10-01-at-3.28.22-PM-768x432.jpeg 768w, https:\/\/periodiconuevomilenio.com\/wp-content\/uploads\/2023\/10\/WhatsApp-Image-2023-10-01-at-3.28.22-PM.jpeg 1280w\" sizes=\"auto, (max-width: 1024px) 100vw, 1024px\" \/><\/figure>\n\n\n\n<figure class=\"wp-block-gallery has-nested-images columns-default is-cropped wp-block-gallery-1 is-layout-flex wp-block-gallery-is-layout-flex\"><\/figure>\n","protected":false},"excerpt":{"rendered":"<p>San Jos\u00e9 Iturbide, Gto.- La Fiscal\u00eda de Guanajuato acredit\u00f3 la presunta participaci\u00f3n de OMAR ROVISEL \u201cN\u201d y URIEL<\/p>\n","protected":false},"author":1,"featured_media":7901,"comment_status":"open","ping_status":"open","sticky":false,"template":"","format":"standard","meta":{"jetpack_post_was_ever_published":false,"_jetpack_newsletter_access":"","_jetpack_dont_email_post_to_subs":false,"_jetpack_newsletter_tier_id":0,"_jetpack_memberships_contains_paywalled_content":false,"_jetpack_memberships_contains_paid_content":false,"footnotes":"","jetpack_publicize_message":"","jetpack_publicize_feature_enabled":true,"jetpack_social_post_already_shared":true,"jetpack_social_options":{"image_generator_settings":{"template":"highway","enabled":false},"version":2}},"categories":[31,48],"tags":[51],"class_list":["post-7900","post","type-post","status-publish","format-standard","has-post-thumbnail","hentry","category-estado","category-policiaca","tag-estado"],"jetpack_publicize_connections":[],"jetpack_sharing_enabled":true,"jetpack_featured_media_url":"https:\/\/periodiconuevomilenio.com\/wp-content\/uploads\/2023\/10\/WhatsApp-Image-2023-10-01-at-3.28.22-PM.jpeg","_links":{"self":[{"href":"https:\/\/periodiconuevomilenio.com\/index.php\/wp-json\/wp\/v2\/posts\/7900","targetHints":{"allow":["GET"]}}],"collection":[{"href":"https:\/\/periodiconuevomilenio.com\/index.php\/wp-json\/wp\/v2\/posts"}],"about":[{"href":"https:\/\/periodiconuevomilenio.com\/index.php\/wp-json\/wp\/v2\/types\/post"}],"author":[{"embeddable":true,"href":"https:\/\/periodiconuevomilenio.com\/index.php\/wp-json\/wp\/v2\/users\/1"}],"replies":[{"embeddable":true,"href":"https:\/\/periodiconuevomilenio.com\/index.php\/wp-json\/wp\/v2\/comments?post=7900"}],"version-history":[{"count":1,"href":"https:\/\/periodiconuevomilenio.com\/index.php\/wp-json\/wp\/v2\/posts\/7900\/revisions"}],"predecessor-version":[{"id":7902,"href":"https:\/\/periodiconuevomilenio.com\/index.php\/wp-json\/wp\/v2\/posts\/7900\/revisions\/7902"}],"wp:featuredmedia":[{"embeddable":true,"href":"https:\/\/periodiconuevomilenio.com\/index.php\/wp-json\/wp\/v2\/media\/7901"}],"wp:attachment":[{"href":"https:\/\/periodiconuevomilenio.com\/index.php\/wp-json\/wp\/v2\/media?parent=7900"}],"wp:term":[{"taxonomy":"category","embeddable":true,"href":"https:\/\/periodiconuevomilenio.com\/index.php\/wp-json\/wp\/v2\/categories?post=7900"},{"taxonomy":"post_tag","embeddable":true,"href":"https:\/\/periodiconuevomilenio.com\/index.php\/wp-json\/wp\/v2\/tags?post=7900"}],"curies":[{"name":"wp","href":"https:\/\/api.w.org\/{rel}","templated":true}]}}