{"id":7912,"date":"2023-10-03T15:55:50","date_gmt":"2023-10-03T21:55:50","guid":{"rendered":"https:\/\/periodiconuevomilenio.com\/?p=7912"},"modified":"2023-10-03T15:55:52","modified_gmt":"2023-10-03T21:55:52","slug":"en-breve-comenzara-la-segunda-etapa-de-rehabilitacion-de-la-alameda","status":"publish","type":"post","link":"https:\/\/periodiconuevomilenio.com\/index.php\/2023\/10\/03\/en-breve-comenzara-la-segunda-etapa-de-rehabilitacion-de-la-alameda\/","title":{"rendered":"En Breve comenzar\u00e1 la segunda Etapa de rehabilitaci\u00f3n de la Alameda"},"content":{"rendered":"\n<p>*Se invierten cerca de 9 Millones de pesos<\/p>\n\n\n\n<p>VALLE DE SANTIAGO, GTO.- Con una inversi\u00f3n &nbsp;cercana &nbsp;a los 9 millones de pesos en pr\u00f3ximo d\u00edas comenzar\u00e1 la segunda etapa de rehabilitaci\u00f3n del parque Alameda como lo anuncio el alcalde Alejandro Alan\u00eds Ch\u00e1vez el pasado 22 de septiembre, un proyecto que busca revitalizar este importante espacio p\u00fablico para el disfrute de todos los vallenses.<\/p>\n\n\n\n<p>Las obras contempladas en esta segunda fase son ambiciosas y apuntan a transformar por completo la apariencia y funcionalidad de la Alameda. Entre las principales actividades que se llevar\u00e1n a cabo se incluyen:<\/p>\n\n\n\n<p>Construcci\u00f3n de Islas en el Per\u00edmetro de la Alameda: Se crear\u00e1n \u00e1reas verdes adicionales alrededor del parque, brindando m\u00e1s espacio para el esparcimiento y la convivencia de los visitantes.<\/p>\n\n\n\n<p>Rehabilitaci\u00f3n de Fuentes: Las emblem\u00e1ticas fuentes que adornan el parque ser\u00e1n restauradas, devolvi\u00e9ndoles su belleza y esplendor originales.<\/p>\n\n\n\n<p>Rehabilitaci\u00f3n de Kiosko: El kiosko central, un s\u00edmbolo ic\u00f3nico de la Alameda, ser\u00e1 objeto de mejoras para mantener su estructura hist\u00f3rica y permitir futuros eventos y actividades culturales.<\/p>\n\n\n\n<p>Instalaci\u00f3n de Red de Media Tensi\u00f3n Subterr\u00e1nea: Este importante aspecto del proyecto tiene como objetivo modernizar la infraestructura el\u00e9ctrica de la Alameda, contribuyendo a la seguridad y eficiencia de la iluminaci\u00f3n.<\/p>\n\n\n\n<p>Con esta segunda etapa de rehabilitaci\u00f3n, el Parque Alameda se transformar\u00e1 en un espacio a\u00fan m\u00e1s atractivo y funcional para las familias vallenses y visitantes. El compromiso del Alcalde Alejandro Alan\u00eds con la mejora de nuestros espacios p\u00fablicos es evidente en esta iniciativa, que busca preservar la riqueza hist\u00f3rica y cultural de nuestra ciudad al tiempo que promueve la convivencia y el bienestar de la comunidad. Estaremos atentos a futuras actualizaciones sobre el progreso de esta emocionante obra.<\/p>\n\n\n\n<figure class=\"wp-block-gallery has-nested-images columns-default is-cropped wp-block-gallery-1 is-layout-flex wp-block-gallery-is-layout-flex\">\n<figure class=\"wp-block-image size-large\"><img loading=\"lazy\" decoding=\"async\" width=\"1000\" height=\"667\" data-id=\"7915\" src=\"https:\/\/periodiconuevomilenio.com\/wp-content\/uploads\/2023\/10\/f21dbb5e-24bd-4f65-bbcb-875b53eca01e.jpg\" alt=\"\" class=\"wp-image-7915\" srcset=\"https:\/\/periodiconuevomilenio.com\/wp-content\/uploads\/2023\/10\/f21dbb5e-24bd-4f65-bbcb-875b53eca01e.jpg 1000w, https:\/\/periodiconuevomilenio.com\/wp-content\/uploads\/2023\/10\/f21dbb5e-24bd-4f65-bbcb-875b53eca01e-300x200.jpg 300w, https:\/\/periodiconuevomilenio.com\/wp-content\/uploads\/2023\/10\/f21dbb5e-24bd-4f65-bbcb-875b53eca01e-768x512.jpg 768w\" sizes=\"auto, (max-width: 1000px) 100vw, 1000px\" \/><\/figure>\n\n\n\n<figure class=\"wp-block-image size-large\"><img loading=\"lazy\" decoding=\"async\" width=\"1000\" height=\"667\" data-id=\"7914\" src=\"https:\/\/periodiconuevomilenio.com\/wp-content\/uploads\/2023\/10\/a3be5e1d-6f9a-4f7d-945c-238718b95bc0.jpg\" alt=\"\" class=\"wp-image-7914\" srcset=\"https:\/\/periodiconuevomilenio.com\/wp-content\/uploads\/2023\/10\/a3be5e1d-6f9a-4f7d-945c-238718b95bc0.jpg 1000w, https:\/\/periodiconuevomilenio.com\/wp-content\/uploads\/2023\/10\/a3be5e1d-6f9a-4f7d-945c-238718b95bc0-300x200.jpg 300w, https:\/\/periodiconuevomilenio.com\/wp-content\/uploads\/2023\/10\/a3be5e1d-6f9a-4f7d-945c-238718b95bc0-768x512.jpg 768w\" sizes=\"auto, (max-width: 1000px) 100vw, 1000px\" \/><\/figure>\n<\/figure>\n\n\n\n<figure class=\"wp-block-image size-full\"><img loading=\"lazy\" decoding=\"async\" width=\"1000\" height=\"667\" src=\"https:\/\/periodiconuevomilenio.com\/wp-content\/uploads\/2023\/10\/38b031e0-574f-4f99-9d78-945f581da7e8.jpg\" alt=\"\" class=\"wp-image-7913\" srcset=\"https:\/\/periodiconuevomilenio.com\/wp-content\/uploads\/2023\/10\/38b031e0-574f-4f99-9d78-945f581da7e8.jpg 1000w, https:\/\/periodiconuevomilenio.com\/wp-content\/uploads\/2023\/10\/38b031e0-574f-4f99-9d78-945f581da7e8-300x200.jpg 300w, https:\/\/periodiconuevomilenio.com\/wp-content\/uploads\/2023\/10\/38b031e0-574f-4f99-9d78-945f581da7e8-768x512.jpg 768w\" sizes=\"auto, (max-width: 1000px) 100vw, 1000px\" \/><\/figure>\n\n\n\n<figure class=\"wp-block-gallery has-nested-images columns-default is-cropped wp-block-gallery-2 is-layout-flex wp-block-gallery-is-layout-flex\"><\/figure>\n","protected":false},"excerpt":{"rendered":"<p>*Se invierten cerca de 9 Millones de pesos VALLE DE SANTIAGO, GTO.- Con una inversi\u00f3n &nbsp;cercana &nbsp;a los<\/p>\n","protected":false},"author":1,"featured_media":7915,"comment_status":"open","ping_status":"open","sticky":false,"template":"","format":"standard","meta":{"jetpack_post_was_ever_published":false,"_jetpack_newsletter_access":"","_jetpack_dont_email_post_to_subs":false,"_jetpack_newsletter_tier_id":0,"_jetpack_memberships_contains_paywalled_content":false,"_jetpack_memberships_contains_paid_content":false,"footnotes":"","jetpack_publicize_message":"","jetpack_publicize_feature_enabled":true,"jetpack_social_post_already_shared":true,"jetpack_social_options":{"image_generator_settings":{"template":"highway","enabled":false},"version":2}},"categories":[39],"tags":[22],"class_list":["post-7912","post","type-post","status-publish","format-standard","has-post-thumbnail","hentry","category-valle-de-santiago","tag-valle"],"jetpack_publicize_connections":[],"jetpack_sharing_enabled":true,"jetpack_featured_media_url":"https:\/\/periodiconuevomilenio.com\/wp-content\/uploads\/2023\/10\/f21dbb5e-24bd-4f65-bbcb-875b53eca01e.jpg","_links":{"self":[{"href":"https:\/\/periodiconuevomilenio.com\/index.php\/wp-json\/wp\/v2\/posts\/7912","targetHints":{"allow":["GET"]}}],"collection":[{"href":"https:\/\/periodiconuevomilenio.com\/index.php\/wp-json\/wp\/v2\/posts"}],"about":[{"href":"https:\/\/periodiconuevomilenio.com\/index.php\/wp-json\/wp\/v2\/types\/post"}],"author":[{"embeddable":true,"href":"https:\/\/periodiconuevomilenio.com\/index.php\/wp-json\/wp\/v2\/users\/1"}],"replies":[{"embeddable":true,"href":"https:\/\/periodiconuevomilenio.com\/index.php\/wp-json\/wp\/v2\/comments?post=7912"}],"version-history":[{"count":1,"href":"https:\/\/periodiconuevomilenio.com\/index.php\/wp-json\/wp\/v2\/posts\/7912\/revisions"}],"predecessor-version":[{"id":7916,"href":"https:\/\/periodiconuevomilenio.com\/index.php\/wp-json\/wp\/v2\/posts\/7912\/revisions\/7916"}],"wp:featuredmedia":[{"embeddable":true,"href":"https:\/\/periodiconuevomilenio.com\/index.php\/wp-json\/wp\/v2\/media\/7915"}],"wp:attachment":[{"href":"https:\/\/periodiconuevomilenio.com\/index.php\/wp-json\/wp\/v2\/media?parent=7912"}],"wp:term":[{"taxonomy":"category","embeddable":true,"href":"https:\/\/periodiconuevomilenio.com\/index.php\/wp-json\/wp\/v2\/categories?post=7912"},{"taxonomy":"post_tag","embeddable":true,"href":"https:\/\/periodiconuevomilenio.com\/index.php\/wp-json\/wp\/v2\/tags?post=7912"}],"curies":[{"name":"wp","href":"https:\/\/api.w.org\/{rel}","templated":true}]}}