{"id":7953,"date":"2023-10-03T21:53:42","date_gmt":"2023-10-04T03:53:42","guid":{"rendered":"https:\/\/periodiconuevomilenio.com\/?p=7953"},"modified":"2023-10-03T21:53:43","modified_gmt":"2023-10-04T03:53:43","slug":"doble-ejecucion-a-unas-cuadras-del-jardin-en-jaral","status":"publish","type":"post","link":"https:\/\/periodiconuevomilenio.com\/index.php\/2023\/10\/03\/doble-ejecucion-a-unas-cuadras-del-jardin-en-jaral\/","title":{"rendered":"Doble ejecuci\u00f3n a unas cuadras del jard\u00edn en Jaral"},"content":{"rendered":"\n<p>&nbsp;*Uno de ellos al parecer menor de edad<\/p>\n\n\n\n<p>JARAL DEL PROGRESO, GTO.-&nbsp; Dos masculinos, uno de ellos al parecer menor de edad, fueron ejecutados a&nbsp; balazos&nbsp; la ma\u00f1ana de este martes 3 de octubre a escasas cuadras del jard\u00edn principal,&nbsp; sobre&nbsp; la avenida principal que es la Porfirio D\u00edaz&nbsp; que conduce a la salida de la ciudad.<\/p>\n\n\n\n<p>De acuerdo a los informes fue poco despu\u00e9s&nbsp; 10 de la ma\u00f1ana con 20 minutos&nbsp;&nbsp; de este martes 3 de octubre cuando al sistema de emergencia 911 llego un reporte alertando a la polic\u00eda que unos sujetos armados persegu\u00edan a otros chamacos que viajaban en una moto roja con franjas negra,&nbsp; justo antes de llegar a la esquina de Zaragoza los alcanzaron y les dispararon cayendo&nbsp; en el arroyo de la calle, por lo que al confirmar \u00e9l reporte y llegar a lugar&nbsp; solicitaron la presencia&nbsp; de param\u00e9dicos de protecci\u00f3n&nbsp; civil que llegaron al lugar y tras revisarlos dictaminaron que ya no contaban con signos vitales.<\/p>\n\n\n\n<p>Se procedi\u00f3 a dar aviso a las autoridades de la&nbsp; fiscal\u00eda que enviaron al lugar a peritos y agentes de investigaci\u00f3n&nbsp; criminal que abrieron&nbsp; la carpeta&nbsp; de investigaci\u00f3n y recabaron todos los indicios&nbsp; necesarios, platicaron con vecinos y familiares para conocer primero la identidad de las personas, la mec\u00e1nica de los hechos y dar con el o los presuntos responsables de este doble crimen de alto impacto.<\/p>\n\n\n\n<p>Los cuerpos fueron traslados al servicio m\u00e9dico forense a la capital del estado, donde se les practica la necropsia\u00a0\u00a0 de ley y se contin\u00faan con las\u00a0 investigaciones a trav\u00e9s de m\u00e9todos cient\u00edficos.<\/p>\n\n\n\n<p><\/p>\n\n\n\n<figure class=\"wp-block-gallery has-nested-images columns-default is-cropped wp-block-gallery-1 is-layout-flex wp-block-gallery-is-layout-flex\">\n<figure class=\"wp-block-image size-large\"><img loading=\"lazy\" decoding=\"async\" width=\"1024\" height=\"692\" data-id=\"7954\" src=\"https:\/\/periodiconuevomilenio.com\/wp-content\/uploads\/2023\/10\/img_9337-1024x692.jpg\" alt=\"\" class=\"wp-image-7954\" srcset=\"https:\/\/periodiconuevomilenio.com\/wp-content\/uploads\/2023\/10\/img_9337-1024x692.jpg 1024w, https:\/\/periodiconuevomilenio.com\/wp-content\/uploads\/2023\/10\/img_9337-300x203.jpg 300w, https:\/\/periodiconuevomilenio.com\/wp-content\/uploads\/2023\/10\/img_9337-768x519.jpg 768w, https:\/\/periodiconuevomilenio.com\/wp-content\/uploads\/2023\/10\/img_9337-1536x1038.jpg 1536w, https:\/\/periodiconuevomilenio.com\/wp-content\/uploads\/2023\/10\/img_9337-2048x1384.jpg 2048w\" sizes=\"auto, (max-width: 1024px) 100vw, 1024px\" \/><\/figure>\n\n\n\n<figure class=\"wp-block-image size-large\"><img loading=\"lazy\" decoding=\"async\" width=\"1024\" height=\"683\" data-id=\"7956\" src=\"https:\/\/periodiconuevomilenio.com\/wp-content\/uploads\/2023\/10\/img_9323-1024x683.jpg\" alt=\"\" class=\"wp-image-7956\" srcset=\"https:\/\/periodiconuevomilenio.com\/wp-content\/uploads\/2023\/10\/img_9323-1024x683.jpg 1024w, https:\/\/periodiconuevomilenio.com\/wp-content\/uploads\/2023\/10\/img_9323-300x200.jpg 300w, https:\/\/periodiconuevomilenio.com\/wp-content\/uploads\/2023\/10\/img_9323-768x512.jpg 768w, https:\/\/periodiconuevomilenio.com\/wp-content\/uploads\/2023\/10\/img_9323-1536x1024.jpg 1536w, https:\/\/periodiconuevomilenio.com\/wp-content\/uploads\/2023\/10\/img_9323-2048x1365.jpg 2048w\" sizes=\"auto, (max-width: 1024px) 100vw, 1024px\" \/><\/figure>\n\n\n\n<figure class=\"wp-block-image size-large\"><img loading=\"lazy\" decoding=\"async\" width=\"1024\" height=\"683\" data-id=\"7955\" src=\"https:\/\/periodiconuevomilenio.com\/wp-content\/uploads\/2023\/10\/img_9327-1024x683.jpg\" alt=\"\" class=\"wp-image-7955\" srcset=\"https:\/\/periodiconuevomilenio.com\/wp-content\/uploads\/2023\/10\/img_9327-1024x683.jpg 1024w, https:\/\/periodiconuevomilenio.com\/wp-content\/uploads\/2023\/10\/img_9327-300x200.jpg 300w, https:\/\/periodiconuevomilenio.com\/wp-content\/uploads\/2023\/10\/img_9327-768x512.jpg 768w, https:\/\/periodiconuevomilenio.com\/wp-content\/uploads\/2023\/10\/img_9327-1536x1024.jpg 1536w, https:\/\/periodiconuevomilenio.com\/wp-content\/uploads\/2023\/10\/img_9327-2048x1365.jpg 2048w\" sizes=\"auto, (max-width: 1024px) 100vw, 1024px\" \/><\/figure>\n<\/figure>\n\n\n\n<figure class=\"wp-block-gallery has-nested-images columns-default is-cropped wp-block-gallery-2 is-layout-flex wp-block-gallery-is-layout-flex\"><\/figure>\n","protected":false},"excerpt":{"rendered":"<p>&nbsp;*Uno de ellos al parecer menor de edad JARAL DEL PROGRESO, GTO.-&nbsp; Dos masculinos, uno de ellos al<\/p>\n","protected":false},"author":1,"featured_media":7955,"comment_status":"open","ping_status":"open","sticky":false,"template":"","format":"standard","meta":{"jetpack_post_was_ever_published":false,"_jetpack_newsletter_access":"","_jetpack_dont_email_post_to_subs":false,"_jetpack_newsletter_tier_id":0,"_jetpack_memberships_contains_paywalled_content":false,"_jetpack_memberships_contains_paid_content":false,"footnotes":"","jetpack_publicize_message":"","jetpack_publicize_feature_enabled":true,"jetpack_social_post_already_shared":true,"jetpack_social_options":{"image_generator_settings":{"template":"highway","enabled":false},"version":2}},"categories":[34,48],"tags":[],"class_list":["post-7953","post","type-post","status-publish","format-standard","has-post-thumbnail","hentry","category-jaral-del-progreso","category-policiaca"],"jetpack_publicize_connections":[],"jetpack_sharing_enabled":true,"jetpack_featured_media_url":"https:\/\/periodiconuevomilenio.com\/wp-content\/uploads\/2023\/10\/img_9327-scaled.jpg","_links":{"self":[{"href":"https:\/\/periodiconuevomilenio.com\/index.php\/wp-json\/wp\/v2\/posts\/7953","targetHints":{"allow":["GET"]}}],"collection":[{"href":"https:\/\/periodiconuevomilenio.com\/index.php\/wp-json\/wp\/v2\/posts"}],"about":[{"href":"https:\/\/periodiconuevomilenio.com\/index.php\/wp-json\/wp\/v2\/types\/post"}],"author":[{"embeddable":true,"href":"https:\/\/periodiconuevomilenio.com\/index.php\/wp-json\/wp\/v2\/users\/1"}],"replies":[{"embeddable":true,"href":"https:\/\/periodiconuevomilenio.com\/index.php\/wp-json\/wp\/v2\/comments?post=7953"}],"version-history":[{"count":1,"href":"https:\/\/periodiconuevomilenio.com\/index.php\/wp-json\/wp\/v2\/posts\/7953\/revisions"}],"predecessor-version":[{"id":7957,"href":"https:\/\/periodiconuevomilenio.com\/index.php\/wp-json\/wp\/v2\/posts\/7953\/revisions\/7957"}],"wp:featuredmedia":[{"embeddable":true,"href":"https:\/\/periodiconuevomilenio.com\/index.php\/wp-json\/wp\/v2\/media\/7955"}],"wp:attachment":[{"href":"https:\/\/periodiconuevomilenio.com\/index.php\/wp-json\/wp\/v2\/media?parent=7953"}],"wp:term":[{"taxonomy":"category","embeddable":true,"href":"https:\/\/periodiconuevomilenio.com\/index.php\/wp-json\/wp\/v2\/categories?post=7953"},{"taxonomy":"post_tag","embeddable":true,"href":"https:\/\/periodiconuevomilenio.com\/index.php\/wp-json\/wp\/v2\/tags?post=7953"}],"curies":[{"name":"wp","href":"https:\/\/api.w.org\/{rel}","templated":true}]}}