{"id":8048,"date":"2023-10-05T13:30:38","date_gmt":"2023-10-05T19:30:38","guid":{"rendered":"https:\/\/periodiconuevomilenio.com\/?p=8048"},"modified":"2023-10-05T13:30:40","modified_gmt":"2023-10-05T19:30:40","slug":"el-pompo-es-capturado-por-elementos-de-aic-es-acusado-de-doble-homicidio-en-salamanca","status":"publish","type":"post","link":"https:\/\/periodiconuevomilenio.com\/index.php\/2023\/10\/05\/el-pompo-es-capturado-por-elementos-de-aic-es-acusado-de-doble-homicidio-en-salamanca\/","title":{"rendered":"\u201cEL POMPO\u201d ES CAPTURADO POR ELEMENTOS DE AIC; ES ACUSADO DE DOBLE HOMICIDIO EN SALAMANCA"},"content":{"rendered":"\n<p>Salamanca, Gto.- 05 de octubre de 2023.- Un joven de 20 a\u00f1os se encuentra en la c\u00e1rcel detenido por la Fiscal\u00eda de Guanajuato, vinculado a proceso penal por el delito de homicidio calificado. El presunto responsable fue identificado como JOS\u00c9 SEBASTI\u00c1N \u201cN\u201d alias \u201cEl Pompo\u201d, quien ingres\u00f3 a un domicilio en la colonia San Javier en Salamanca, y asesin\u00f3 a una pareja.<\/p>\n\n\n\n<p>Elementos Ministeriales capturaron al inculpado con orden de aprehensi\u00f3n y un Agente del Ministerio P\u00fablico logr\u00f3 que fuera vinculado a proceso penal por el doble homicidio, ocurrido el pasado 04 de junio de 2023, aproximadamente a las 06:00 horas, cuando este sujeto arrib\u00f3 al inmueble y ultim\u00f3 a las v\u00edctimas.<\/p>\n\n\n\n<p>Al procesar la escena, peritos forenses embalaron indicios bal\u00edsticos recolectados y procesaron el cuerpo sin vida de una persona del sexo mujer, quien se encontr\u00f3 detr\u00e1s de la puerta de una rec\u00e1mara, mientras que el cad\u00e1ver del masculino qued\u00f3 sin vida en la sala. Los occisos fueron identificados como Abel \u201cN\u201d y Martha Leticia \u201cN\u201d.<\/p>\n\n\n\n<p>El Juez conoci\u00f3 las pruebas aportadas por la Fiscal\u00eda y resolvi\u00f3 vincular a proceso penal a JOS\u00c9 SEBASTI\u00c1N \u201cN\u201d alias \u201cEl Pompo\u201d, imponi\u00e9ndole prisi\u00f3n como medida cautelar, mientras se determina su sentencia.<\/p>\n\n\n\n<figure class=\"wp-block-image size-large\"><img loading=\"lazy\" decoding=\"async\" width=\"1024\" height=\"576\" src=\"https:\/\/periodiconuevomilenio.com\/wp-content\/uploads\/2023\/10\/WhatsApp-Image-2023-10-05-at-2.27.35-PM-1024x576.jpeg\" alt=\"\" class=\"wp-image-8049\" srcset=\"https:\/\/periodiconuevomilenio.com\/wp-content\/uploads\/2023\/10\/WhatsApp-Image-2023-10-05-at-2.27.35-PM-1024x576.jpeg 1024w, https:\/\/periodiconuevomilenio.com\/wp-content\/uploads\/2023\/10\/WhatsApp-Image-2023-10-05-at-2.27.35-PM-300x169.jpeg 300w, https:\/\/periodiconuevomilenio.com\/wp-content\/uploads\/2023\/10\/WhatsApp-Image-2023-10-05-at-2.27.35-PM-768x432.jpeg 768w, https:\/\/periodiconuevomilenio.com\/wp-content\/uploads\/2023\/10\/WhatsApp-Image-2023-10-05-at-2.27.35-PM.jpeg 1280w\" sizes=\"auto, (max-width: 1024px) 100vw, 1024px\" \/><\/figure>\n\n\n","protected":false},"excerpt":{"rendered":"<p>Salamanca, Gto.- 05 de octubre de 2023.- Un joven de 20 a\u00f1os se encuentra en la c\u00e1rcel detenido<\/p>\n","protected":false},"author":1,"featured_media":8049,"comment_status":"open","ping_status":"open","sticky":false,"template":"","format":"standard","meta":{"jetpack_post_was_ever_published":false,"_jetpack_newsletter_access":"","_jetpack_dont_email_post_to_subs":false,"_jetpack_newsletter_tier_id":0,"_jetpack_memberships_contains_paywalled_content":false,"_jetpack_memberships_contains_paid_content":false,"footnotes":"","jetpack_publicize_message":"","jetpack_publicize_feature_enabled":false,"jetpack_social_post_already_shared":false,"jetpack_social_options":{"image_generator_settings":{"template":"highway","enabled":false},"version":2}},"categories":[31,48],"tags":[51],"class_list":["post-8048","post","type-post","status-publish","format-standard","has-post-thumbnail","hentry","category-estado","category-policiaca","tag-estado"],"jetpack_publicize_connections":[],"jetpack_sharing_enabled":true,"jetpack_featured_media_url":"https:\/\/periodiconuevomilenio.com\/wp-content\/uploads\/2023\/10\/WhatsApp-Image-2023-10-05-at-2.27.35-PM.jpeg","_links":{"self":[{"href":"https:\/\/periodiconuevomilenio.com\/index.php\/wp-json\/wp\/v2\/posts\/8048","targetHints":{"allow":["GET"]}}],"collection":[{"href":"https:\/\/periodiconuevomilenio.com\/index.php\/wp-json\/wp\/v2\/posts"}],"about":[{"href":"https:\/\/periodiconuevomilenio.com\/index.php\/wp-json\/wp\/v2\/types\/post"}],"author":[{"embeddable":true,"href":"https:\/\/periodiconuevomilenio.com\/index.php\/wp-json\/wp\/v2\/users\/1"}],"replies":[{"embeddable":true,"href":"https:\/\/periodiconuevomilenio.com\/index.php\/wp-json\/wp\/v2\/comments?post=8048"}],"version-history":[{"count":1,"href":"https:\/\/periodiconuevomilenio.com\/index.php\/wp-json\/wp\/v2\/posts\/8048\/revisions"}],"predecessor-version":[{"id":8050,"href":"https:\/\/periodiconuevomilenio.com\/index.php\/wp-json\/wp\/v2\/posts\/8048\/revisions\/8050"}],"wp:featuredmedia":[{"embeddable":true,"href":"https:\/\/periodiconuevomilenio.com\/index.php\/wp-json\/wp\/v2\/media\/8049"}],"wp:attachment":[{"href":"https:\/\/periodiconuevomilenio.com\/index.php\/wp-json\/wp\/v2\/media?parent=8048"}],"wp:term":[{"taxonomy":"category","embeddable":true,"href":"https:\/\/periodiconuevomilenio.com\/index.php\/wp-json\/wp\/v2\/categories?post=8048"},{"taxonomy":"post_tag","embeddable":true,"href":"https:\/\/periodiconuevomilenio.com\/index.php\/wp-json\/wp\/v2\/tags?post=8048"}],"curies":[{"name":"wp","href":"https:\/\/api.w.org\/{rel}","templated":true}]}}