{"id":8089,"date":"2023-10-06T00:28:48","date_gmt":"2023-10-06T06:28:48","guid":{"rendered":"https:\/\/periodiconuevomilenio.com\/?p=8089"},"modified":"2023-10-06T00:47:14","modified_gmt":"2023-10-06T06:47:14","slug":"fallecio-en-el-hospital-la-persona-que","status":"publish","type":"post","link":"https:\/\/periodiconuevomilenio.com\/index.php\/2023\/10\/06\/fallecio-en-el-hospital-la-persona-que\/","title":{"rendered":"Falleci\u00f3 en el Hospital la persona que Fue atacada frente al Bar Montana"},"content":{"rendered":"\n<p>VALLE DE SANTIAGO, GTO.- Este d\u00eda confirmo la fiscal\u00eda del estado que&nbsp; muri\u00f3 en el hospital la persona que fue baleada la noche de ayer en la colonia Miravalle frente al bar Montana, est\u00e1 plenamente identificado y su cuerpo ya fue reclamado por sus familiares.<\/p>\n\n\n\n<p>&nbsp;Es de recordar que el d\u00eda de ayer mi\u00e9rcoles 4 de octubre se dio a conocer&nbsp; que un masculino recibi\u00f3 varios impactos de bala, cuando la polic\u00eda lleg\u00f3 al lugar&nbsp; solo encontraron la moto y casquillos percutiros en la zona.<\/p>\n\n\n\n<p>Esto ocurri\u00f3 faltando 11 minutos para las siete la de noche, luego que a trav\u00e9s del sistema de emergencia 911 pusieron en alerta a las autoridades de seguridad porque se hab\u00edan escuchado detonaciones de arma de fuego en la esquina de Zaragoza y Jos\u00e9 Mar\u00eda Maga\u00f1a, justo a una cuadra de la estaci\u00f3n de bomberos.<\/p>\n\n\n\n<p>&nbsp;Posteriormente, se supo que la persona herida ingreso al hospital Bicentenario y falleci\u00f3 poco despu\u00e9s cuando recib\u00eda atenci\u00f3n m\u00e9dica, hecho que fue confirmado por la fiscal\u00eda del estado.<\/p>\n\n\n\n<p>En su informe dijo que este hecho hab\u00eda ocurrido en la colonia Miravalle donde fue atacado un masculino identificado como Juan \u201cN\u201d, el cual muri\u00f3 a causa de las heridas producidas por proyectil disparado por arma de fuego, quien falleci\u00f3 en el hospital Bicentenario.<\/p>\n\n\n\n<figure class=\"wp-block-image size-large\"><img loading=\"lazy\" decoding=\"async\" width=\"1024\" height=\"577\" src=\"https:\/\/periodiconuevomilenio.com\/wp-content\/uploads\/2023\/10\/369669668_672247494932048_3022064170210057932_n-1024x577.jpg\" alt=\"\" class=\"wp-image-8090\" srcset=\"https:\/\/periodiconuevomilenio.com\/wp-content\/uploads\/2023\/10\/369669668_672247494932048_3022064170210057932_n-1024x577.jpg 1024w, https:\/\/periodiconuevomilenio.com\/wp-content\/uploads\/2023\/10\/369669668_672247494932048_3022064170210057932_n-300x169.jpg 300w, https:\/\/periodiconuevomilenio.com\/wp-content\/uploads\/2023\/10\/369669668_672247494932048_3022064170210057932_n-768x432.jpg 768w, https:\/\/periodiconuevomilenio.com\/wp-content\/uploads\/2023\/10\/369669668_672247494932048_3022064170210057932_n-1536x865.jpg 1536w, https:\/\/periodiconuevomilenio.com\/wp-content\/uploads\/2023\/10\/369669668_672247494932048_3022064170210057932_n-1280x720.jpg 1280w, https:\/\/periodiconuevomilenio.com\/wp-content\/uploads\/2023\/10\/369669668_672247494932048_3022064170210057932_n.jpg 2048w\" sizes=\"auto, (max-width: 1024px) 100vw, 1024px\" \/><\/figure>\n\n\n\n<figure class=\"wp-block-gallery has-nested-images columns-default is-cropped wp-block-gallery-1 is-layout-flex wp-block-gallery-is-layout-flex\"><\/figure>\n","protected":false},"excerpt":{"rendered":"<p>VALLE DE SANTIAGO, GTO.- Este d\u00eda confirmo la fiscal\u00eda del estado que&nbsp; muri\u00f3 en el hospital la persona<\/p>\n","protected":false},"author":1,"featured_media":8090,"comment_status":"open","ping_status":"open","sticky":false,"template":"","format":"standard","meta":{"jetpack_post_was_ever_published":false,"_jetpack_newsletter_access":"","_jetpack_dont_email_post_to_subs":false,"_jetpack_newsletter_tier_id":0,"_jetpack_memberships_contains_paywalled_content":false,"_jetpack_memberships_contains_paid_content":false,"footnotes":"","jetpack_publicize_message":"","jetpack_publicize_feature_enabled":false,"jetpack_social_post_already_shared":false,"jetpack_social_options":{"image_generator_settings":{"template":"highway","enabled":false},"version":2}},"categories":[48,39],"tags":[22],"class_list":["post-8089","post","type-post","status-publish","format-standard","has-post-thumbnail","hentry","category-policiaca","category-valle-de-santiago","tag-valle"],"jetpack_publicize_connections":[],"jetpack_sharing_enabled":true,"jetpack_featured_media_url":"https:\/\/periodiconuevomilenio.com\/wp-content\/uploads\/2023\/10\/369669668_672247494932048_3022064170210057932_n.jpg","_links":{"self":[{"href":"https:\/\/periodiconuevomilenio.com\/index.php\/wp-json\/wp\/v2\/posts\/8089","targetHints":{"allow":["GET"]}}],"collection":[{"href":"https:\/\/periodiconuevomilenio.com\/index.php\/wp-json\/wp\/v2\/posts"}],"about":[{"href":"https:\/\/periodiconuevomilenio.com\/index.php\/wp-json\/wp\/v2\/types\/post"}],"author":[{"embeddable":true,"href":"https:\/\/periodiconuevomilenio.com\/index.php\/wp-json\/wp\/v2\/users\/1"}],"replies":[{"embeddable":true,"href":"https:\/\/periodiconuevomilenio.com\/index.php\/wp-json\/wp\/v2\/comments?post=8089"}],"version-history":[{"count":2,"href":"https:\/\/periodiconuevomilenio.com\/index.php\/wp-json\/wp\/v2\/posts\/8089\/revisions"}],"predecessor-version":[{"id":8095,"href":"https:\/\/periodiconuevomilenio.com\/index.php\/wp-json\/wp\/v2\/posts\/8089\/revisions\/8095"}],"wp:featuredmedia":[{"embeddable":true,"href":"https:\/\/periodiconuevomilenio.com\/index.php\/wp-json\/wp\/v2\/media\/8090"}],"wp:attachment":[{"href":"https:\/\/periodiconuevomilenio.com\/index.php\/wp-json\/wp\/v2\/media?parent=8089"}],"wp:term":[{"taxonomy":"category","embeddable":true,"href":"https:\/\/periodiconuevomilenio.com\/index.php\/wp-json\/wp\/v2\/categories?post=8089"},{"taxonomy":"post_tag","embeddable":true,"href":"https:\/\/periodiconuevomilenio.com\/index.php\/wp-json\/wp\/v2\/tags?post=8089"}],"curies":[{"name":"wp","href":"https:\/\/api.w.org\/{rel}","templated":true}]}}