{"id":8109,"date":"2023-10-06T13:20:34","date_gmt":"2023-10-06T19:20:34","guid":{"rendered":"https:\/\/periodiconuevomilenio.com\/?p=8109"},"modified":"2023-10-06T13:20:36","modified_gmt":"2023-10-06T19:20:36","slug":"el-coy-va-a-la-carcel-por-homicidio-asesino-y-enterro-a-su-companero-en-leon","status":"publish","type":"post","link":"https:\/\/periodiconuevomilenio.com\/index.php\/2023\/10\/06\/el-coy-va-a-la-carcel-por-homicidio-asesino-y-enterro-a-su-companero-en-leon\/","title":{"rendered":"\u201cEL COY\u201d VA A LA C\u00c1RCEL POR HOMICIDIO; ASESIN\u00d3 Y ENTERR\u00d3 A SU COMPA\u00d1ERO EN LE\u00d3N"},"content":{"rendered":"\n<p>Le\u00f3n, Gto., 06 de octubre de 2023.- Dos compa\u00f1eros discutieron por problemas de trabajo y en un arranque de ira, \u201cEl Coy\u201d empuj\u00f3 y golpe\u00f3 violentamente a un septuagenario, cuyo cad\u00e1ver enterr\u00f3 en la cochera de una finca en construcci\u00f3n localizada en la comunidad Hacienda de Arriba en Le\u00f3n.<\/p>\n\n\n\n<p>Los hechos se registraron el 23 de marzo de 2022, entre las 11:00 y 13:00 horas, al interior de una finca en construcci\u00f3n donde el ofendido Jos\u00e9 Carmen y el acusado EDUARDO GUADALUPE \u201cN\u201d alias \u201cEl Coy\u201d, discutieron por situaciones propias del trabajo y en un momento determinado, el agresor tom\u00f3 un instrumento contuso y propin\u00f3 al menos dos golpes al adulto mayor, en su cabeza y t\u00f3rax, provocando que perdiera la vida en el lugar, por lo que fue vinculado a proceso penal una vez que fue capturado.<\/p>\n\n\n\n<p>Con pruebas, el Ministerio P\u00fablico acredit\u00f3 en juicio oral, que el ofendido Jos\u00e9 Carmen y el acusado EDUARDO GUADALUPE \u201cN\u201d, discutieron por situaciones propias del trabajo y en un momento determinado, el agresor tom\u00f3 un instrumento contuso y propin\u00f3 al menos dos golpes al adulto mayor en su cabeza y t\u00f3rax, provocando que perdiera la vida en el lugar.<\/p>\n\n\n\n<p>Al intentar ocultar su conducta criminal, \u201cEl Coy\u201d cav\u00f3 en el \u00e1rea de la cochera del citado domicilio y enterr\u00f3 de manera clandestina el cuerpo.<\/p>\n\n\n\n<p>El 25 de marzo de 2022, un familiar del ofendido solicit\u00f3 la intervenci\u00f3n de la autoridad ministerial al no localizar a don Jos\u00e9. La \u00faltima vez que se tuvo conocimiento \u00e9l fue en su domicilio, el 23 de marzo, antes de salir en su veh\u00edculo a trabajar. Agentes de Investigaci\u00f3n Criminal localizaron el veh\u00edculo donde fue visto por \u00faltima vez el finado, en el camino a San Felipe Torres Mochas, adelante del rancho La Palma.<\/p>\n\n\n\n<p>Por lo anterior, un Juez sentenci\u00f3 a \u201cEl Coy\u201d a 13 a\u00f1os y 9 meses de c\u00e1rcel y a la reparaci\u00f3n del da\u00f1o en favor de las v\u00edctimas indirectas.<\/p>\n\n\n\n<figure class=\"wp-block-image size-large\"><img loading=\"lazy\" decoding=\"async\" width=\"1024\" height=\"576\" src=\"https:\/\/periodiconuevomilenio.com\/wp-content\/uploads\/2023\/10\/WhatsApp-Image-2023-10-06-at-2.17.25-PM-1024x576.jpeg\" alt=\"\" class=\"wp-image-8110\" srcset=\"https:\/\/periodiconuevomilenio.com\/wp-content\/uploads\/2023\/10\/WhatsApp-Image-2023-10-06-at-2.17.25-PM-1024x576.jpeg 1024w, https:\/\/periodiconuevomilenio.com\/wp-content\/uploads\/2023\/10\/WhatsApp-Image-2023-10-06-at-2.17.25-PM-300x169.jpeg 300w, https:\/\/periodiconuevomilenio.com\/wp-content\/uploads\/2023\/10\/WhatsApp-Image-2023-10-06-at-2.17.25-PM-768x432.jpeg 768w, https:\/\/periodiconuevomilenio.com\/wp-content\/uploads\/2023\/10\/WhatsApp-Image-2023-10-06-at-2.17.25-PM.jpeg 1280w\" sizes=\"auto, (max-width: 1024px) 100vw, 1024px\" \/><\/figure>\n\n\n","protected":false},"excerpt":{"rendered":"<p>Le\u00f3n, Gto., 06 de octubre de 2023.- Dos compa\u00f1eros discutieron por problemas de trabajo y en un arranque<\/p>\n","protected":false},"author":1,"featured_media":8110,"comment_status":"open","ping_status":"open","sticky":false,"template":"","format":"standard","meta":{"jetpack_post_was_ever_published":false,"_jetpack_newsletter_access":"","_jetpack_dont_email_post_to_subs":false,"_jetpack_newsletter_tier_id":0,"_jetpack_memberships_contains_paywalled_content":false,"_jetpack_memberships_contains_paid_content":false,"footnotes":"","jetpack_publicize_message":"","jetpack_publicize_feature_enabled":false,"jetpack_social_post_already_shared":false,"jetpack_social_options":{"image_generator_settings":{"template":"highway","enabled":false},"version":2}},"categories":[31,48],"tags":[51],"class_list":["post-8109","post","type-post","status-publish","format-standard","has-post-thumbnail","hentry","category-estado","category-policiaca","tag-estado"],"jetpack_publicize_connections":[],"jetpack_sharing_enabled":true,"jetpack_featured_media_url":"https:\/\/periodiconuevomilenio.com\/wp-content\/uploads\/2023\/10\/WhatsApp-Image-2023-10-06-at-2.17.25-PM.jpeg","_links":{"self":[{"href":"https:\/\/periodiconuevomilenio.com\/index.php\/wp-json\/wp\/v2\/posts\/8109","targetHints":{"allow":["GET"]}}],"collection":[{"href":"https:\/\/periodiconuevomilenio.com\/index.php\/wp-json\/wp\/v2\/posts"}],"about":[{"href":"https:\/\/periodiconuevomilenio.com\/index.php\/wp-json\/wp\/v2\/types\/post"}],"author":[{"embeddable":true,"href":"https:\/\/periodiconuevomilenio.com\/index.php\/wp-json\/wp\/v2\/users\/1"}],"replies":[{"embeddable":true,"href":"https:\/\/periodiconuevomilenio.com\/index.php\/wp-json\/wp\/v2\/comments?post=8109"}],"version-history":[{"count":1,"href":"https:\/\/periodiconuevomilenio.com\/index.php\/wp-json\/wp\/v2\/posts\/8109\/revisions"}],"predecessor-version":[{"id":8111,"href":"https:\/\/periodiconuevomilenio.com\/index.php\/wp-json\/wp\/v2\/posts\/8109\/revisions\/8111"}],"wp:featuredmedia":[{"embeddable":true,"href":"https:\/\/periodiconuevomilenio.com\/index.php\/wp-json\/wp\/v2\/media\/8110"}],"wp:attachment":[{"href":"https:\/\/periodiconuevomilenio.com\/index.php\/wp-json\/wp\/v2\/media?parent=8109"}],"wp:term":[{"taxonomy":"category","embeddable":true,"href":"https:\/\/periodiconuevomilenio.com\/index.php\/wp-json\/wp\/v2\/categories?post=8109"},{"taxonomy":"post_tag","embeddable":true,"href":"https:\/\/periodiconuevomilenio.com\/index.php\/wp-json\/wp\/v2\/tags?post=8109"}],"curies":[{"name":"wp","href":"https:\/\/api.w.org\/{rel}","templated":true}]}}