{"id":8350,"date":"2023-10-15T09:13:15","date_gmt":"2023-10-15T15:13:15","guid":{"rendered":"https:\/\/periodiconuevomilenio.com\/?p=8350"},"modified":"2023-10-15T09:13:17","modified_gmt":"2023-10-15T15:13:17","slug":"la-fiscalia-de-guanajuato-logro-que-presunto-extorsionador-se-quede-en-la-carcel","status":"publish","type":"post","link":"https:\/\/periodiconuevomilenio.com\/index.php\/2023\/10\/15\/la-fiscalia-de-guanajuato-logro-que-presunto-extorsionador-se-quede-en-la-carcel\/","title":{"rendered":"La Fiscal\u00eda de Guanajuato logr\u00f3 que presunto extorsionador se quede en la c\u00e1rcel"},"content":{"rendered":"\n<p>San Miguel de Allende, Gto. 15 de octubre de 2023.- En audiencia de control y tras analizar las pruebas presentadas por el Agente del Ministerio P\u00fablico, el Juez determin\u00f3 vincular a proceso penal a JUAN CARLOS \u201cN\u201d a quien le impuso como medida cautelar prisi\u00f3n preventiva.<\/p>\n\n\n\n<p>De acuerdo a la informaci\u00f3n contenida en la carpeta de investigaci\u00f3n, en agosto del 2022, la v\u00edctima recibi\u00f3 llamadas y mensajes amenazantes de n\u00fameros desconocidos, en los que le dec\u00edan que si no pagaba una cantidad que asciende a varios miles de pesos, le har\u00edan da\u00f1o a su familia.<\/p>\n\n\n\n<p>Durante aproximadamente una semana, el agraviado estuvo recibiendo de manera constante dichos mensajes intimidatorios y llamadas sin darles respuesta, hasta finales del mes cuando se encontraba solo en su negocio, entr\u00f3 el inculpado y le exigi\u00f3 el pago solicitado a m\u00e1s tardar para el d\u00eda siguiente a las 8 de la ma\u00f1ana, al mismo tiempo que colocaba su mano derecha a la altura de la cintura donde portaba un arma de fuego.<\/p>\n\n\n\n<p>Ante el temor de que pudiera cumplir con su amenaza, la v\u00edctima interpuso la denuncia correspondiente ante el Ministerio P\u00fablico, expuso que le exig\u00edan dinero en efectivo a cambio de protecci\u00f3n y para no hacerle da\u00f1o a su familia.<\/p>\n\n\n\n<p>Al tomar conocimiento del caso, el Agente del MP de la Fiscal\u00eda Especializada en Investigaci\u00f3n de Delitos de Alto Impacto, inici\u00f3 la Carpeta de Investigaci\u00f3n y recab\u00f3 los elementos de prueba que permitieron solicitar al Juez de Control una orden de aprehensi\u00f3n que fue cumplimentada por los Agentes de Investigaci\u00f3n Criminal, presentando a JUAN CARLOS \u201cN\u201d ante la autoridad judicial.<\/p>\n\n\n\n<p>Durante la audiencia de control, el representante de la Fiscal\u00eda formul\u00f3 imputaci\u00f3n por el delito de extorsi\u00f3n agravada y solicit\u00f3 la vinculaci\u00f3n a proceso penal en contra del agresor, la cual fue otorgada y se le impuso como medida cautelar prisi\u00f3n preventiva justificada en espera de su sentencia.<\/p>\n\n\n\n<figure class=\"wp-block-gallery has-nested-images columns-default is-cropped wp-block-gallery-1 is-layout-flex wp-block-gallery-is-layout-flex\">\n<figure class=\"wp-block-image size-large\"><img loading=\"lazy\" decoding=\"async\" width=\"576\" height=\"1024\" data-id=\"8352\" src=\"https:\/\/periodiconuevomilenio.com\/wp-content\/uploads\/2023\/10\/WhatsApp-Image-2023-10-15-at-10.05.23-AM-576x1024.jpeg\" alt=\"\" class=\"wp-image-8352\" srcset=\"https:\/\/periodiconuevomilenio.com\/wp-content\/uploads\/2023\/10\/WhatsApp-Image-2023-10-15-at-10.05.23-AM-576x1024.jpeg 576w, https:\/\/periodiconuevomilenio.com\/wp-content\/uploads\/2023\/10\/WhatsApp-Image-2023-10-15-at-10.05.23-AM-169x300.jpeg 169w, https:\/\/periodiconuevomilenio.com\/wp-content\/uploads\/2023\/10\/WhatsApp-Image-2023-10-15-at-10.05.23-AM-768x1365.jpeg 768w, https:\/\/periodiconuevomilenio.com\/wp-content\/uploads\/2023\/10\/WhatsApp-Image-2023-10-15-at-10.05.23-AM-864x1536.jpeg 864w, https:\/\/periodiconuevomilenio.com\/wp-content\/uploads\/2023\/10\/WhatsApp-Image-2023-10-15-at-10.05.23-AM.jpeg 900w\" sizes=\"auto, (max-width: 576px) 100vw, 576px\" \/><\/figure>\n\n\n\n<figure class=\"wp-block-image size-large\"><img loading=\"lazy\" decoding=\"async\" width=\"1024\" height=\"576\" data-id=\"8351\" src=\"https:\/\/periodiconuevomilenio.com\/wp-content\/uploads\/2023\/10\/WhatsApp-Image-2023-10-15-at-10.05.22-AM-1024x576.jpeg\" alt=\"\" class=\"wp-image-8351\" srcset=\"https:\/\/periodiconuevomilenio.com\/wp-content\/uploads\/2023\/10\/WhatsApp-Image-2023-10-15-at-10.05.22-AM-1024x576.jpeg 1024w, https:\/\/periodiconuevomilenio.com\/wp-content\/uploads\/2023\/10\/WhatsApp-Image-2023-10-15-at-10.05.22-AM-300x169.jpeg 300w, https:\/\/periodiconuevomilenio.com\/wp-content\/uploads\/2023\/10\/WhatsApp-Image-2023-10-15-at-10.05.22-AM-768x432.jpeg 768w, https:\/\/periodiconuevomilenio.com\/wp-content\/uploads\/2023\/10\/WhatsApp-Image-2023-10-15-at-10.05.22-AM-1536x864.jpeg 1536w, https:\/\/periodiconuevomilenio.com\/wp-content\/uploads\/2023\/10\/WhatsApp-Image-2023-10-15-at-10.05.22-AM-1280x720.jpeg 1280w, https:\/\/periodiconuevomilenio.com\/wp-content\/uploads\/2023\/10\/WhatsApp-Image-2023-10-15-at-10.05.22-AM.jpeg 1600w\" sizes=\"auto, (max-width: 1024px) 100vw, 1024px\" \/><\/figure>\n<\/figure>\n\n\n\n<figure class=\"wp-block-gallery has-nested-images columns-default is-cropped wp-block-gallery-2 is-layout-flex wp-block-gallery-is-layout-flex\"><\/figure>\n","protected":false},"excerpt":{"rendered":"<p>San Miguel de Allende, Gto. 15 de octubre de 2023.- En audiencia de control y tras analizar las<\/p>\n","protected":false},"author":1,"featured_media":8351,"comment_status":"open","ping_status":"open","sticky":false,"template":"","format":"standard","meta":{"jetpack_post_was_ever_published":false,"_jetpack_newsletter_access":"","_jetpack_dont_email_post_to_subs":false,"_jetpack_newsletter_tier_id":0,"_jetpack_memberships_contains_paywalled_content":false,"_jetpack_memberships_contains_paid_content":false,"footnotes":"","jetpack_publicize_message":"","jetpack_publicize_feature_enabled":true,"jetpack_social_post_already_shared":true,"jetpack_social_options":{"image_generator_settings":{"template":"highway","enabled":false},"version":2}},"categories":[31,48],"tags":[51],"class_list":["post-8350","post","type-post","status-publish","format-standard","has-post-thumbnail","hentry","category-estado","category-policiaca","tag-estado"],"jetpack_publicize_connections":[],"jetpack_sharing_enabled":true,"jetpack_featured_media_url":"https:\/\/periodiconuevomilenio.com\/wp-content\/uploads\/2023\/10\/WhatsApp-Image-2023-10-15-at-10.05.22-AM.jpeg","_links":{"self":[{"href":"https:\/\/periodiconuevomilenio.com\/index.php\/wp-json\/wp\/v2\/posts\/8350","targetHints":{"allow":["GET"]}}],"collection":[{"href":"https:\/\/periodiconuevomilenio.com\/index.php\/wp-json\/wp\/v2\/posts"}],"about":[{"href":"https:\/\/periodiconuevomilenio.com\/index.php\/wp-json\/wp\/v2\/types\/post"}],"author":[{"embeddable":true,"href":"https:\/\/periodiconuevomilenio.com\/index.php\/wp-json\/wp\/v2\/users\/1"}],"replies":[{"embeddable":true,"href":"https:\/\/periodiconuevomilenio.com\/index.php\/wp-json\/wp\/v2\/comments?post=8350"}],"version-history":[{"count":1,"href":"https:\/\/periodiconuevomilenio.com\/index.php\/wp-json\/wp\/v2\/posts\/8350\/revisions"}],"predecessor-version":[{"id":8353,"href":"https:\/\/periodiconuevomilenio.com\/index.php\/wp-json\/wp\/v2\/posts\/8350\/revisions\/8353"}],"wp:featuredmedia":[{"embeddable":true,"href":"https:\/\/periodiconuevomilenio.com\/index.php\/wp-json\/wp\/v2\/media\/8351"}],"wp:attachment":[{"href":"https:\/\/periodiconuevomilenio.com\/index.php\/wp-json\/wp\/v2\/media?parent=8350"}],"wp:term":[{"taxonomy":"category","embeddable":true,"href":"https:\/\/periodiconuevomilenio.com\/index.php\/wp-json\/wp\/v2\/categories?post=8350"},{"taxonomy":"post_tag","embeddable":true,"href":"https:\/\/periodiconuevomilenio.com\/index.php\/wp-json\/wp\/v2\/tags?post=8350"}],"curies":[{"name":"wp","href":"https:\/\/api.w.org\/{rel}","templated":true}]}}