{"id":8355,"date":"2023-10-15T20:59:28","date_gmt":"2023-10-16T02:59:28","guid":{"rendered":"https:\/\/periodiconuevomilenio.com\/?p=8355"},"modified":"2023-10-15T20:59:29","modified_gmt":"2023-10-16T02:59:29","slug":"la-fiscalia-de-guanajuato-deja-en-la-carcel-a-integrantes-de-una-banda-delictiva-que-operaba-en-irapuato","status":"publish","type":"post","link":"https:\/\/periodiconuevomilenio.com\/index.php\/2023\/10\/15\/la-fiscalia-de-guanajuato-deja-en-la-carcel-a-integrantes-de-una-banda-delictiva-que-operaba-en-irapuato\/","title":{"rendered":"LA FISCAL\u00cdA DE GUANAJUATO DEJA EN LA C\u00c1RCEL A INTEGRANTES DE UNA BANDA DELICTIVA QUE OPERABA EN IRAPUATO"},"content":{"rendered":"\n<p>El Ministerio P\u00fablico obtuvo que fueran vinculados a proceso penal por los delitos de desaparici\u00f3n de personas, delitos contra la salud, posesi\u00f3n de armas de fuego y cartuchos de uso exclusivo del ej\u00e9rcito.<\/p>\n\n\n\n<p>Irapuato, Gto.- Miembros de una banda delictiva que operaba en la ciudad de Irapuato, fueron detenidos y vinculados a proceso penal por el delito de desaparici\u00f3n de personas, en agravio de un comerciante al que mantuvieron en dos inmuebles mientras lo golpearon hasta que logr\u00f3 escapar y reportar a la polic\u00eda.<\/p>\n\n\n\n<p>El pasado 02 de octubre del a\u00f1o en curso, un comerciante se encontraba en su lugar de trabajo cuando llegaron varios sujetos portando armas de fuego y lo subieron a un veh\u00edculo para llevarlo a un inmueble indeterminado, donde lo desnudaron y maniataron para someterlo a interrogatorios mientras lo golpearon durante unos d\u00edas.<\/p>\n\n\n\n<p>Posteriormente, fue trasladado a otro domicilio, ubicado en el Fraccionamiento Primaveral de donde logr\u00f3 escapar el 05 de octubre de 2023, mientras sus captores estaban dormidos.<\/p>\n\n\n\n<p>Una vez que la polic\u00eda municipal tuvo conocimiento de los hechos detuvieron a los presuntos delincuentes en posesi\u00f3n de tres armas largas, un arma corta, once cargadores para arma larga, decenas de cartuchos para dichas armas de fuego de uso exclusivo del ej\u00e9rcito, as\u00ed como tres bolsas de droga con la leyenda de un grupo delictivo.<\/p>\n\n\n\n<p>RA\u00daL \u201cN\u201d, LUIS ENRIQUE \u201cN\u201d, SERGIO \u201cN\u201d y SANTIAGO \u201cN\u201d, fueron puestos a disposici\u00f3n de la Fiscal\u00eda Estatal, donde se llevaron a cabo las investigaciones correspondientes que llevaron a establecer la probable participaci\u00f3n de los detenidos en los hechos criminales.<\/p>\n\n\n\n<p>La situaci\u00f3n jur\u00eddica de los inculpados se defini\u00f3 en audiencia de imputaci\u00f3n, una vez el Juez tuvo conocimiento de las pruebas que aport\u00f3 el Ministerio P\u00fablico y resolvi\u00f3 al enviarlos a prisi\u00f3n, vinculados a proceso penal por los delitos de desaparici\u00f3n de personas, delitos contra la salud, posesi\u00f3n de armas de fuego y cartuchos de uso exclusivo del ej\u00e9rcito.<\/p>\n\n\n\n<figure class=\"wp-block-gallery has-nested-images columns-default is-cropped wp-block-gallery-1 is-layout-flex wp-block-gallery-is-layout-flex\">\n<figure class=\"wp-block-image size-large\"><img loading=\"lazy\" decoding=\"async\" width=\"576\" height=\"1024\" data-id=\"8356\" src=\"https:\/\/periodiconuevomilenio.com\/wp-content\/uploads\/2023\/10\/7dbeb86b-787b-468d-a6a1-ccdaf7887d61-576x1024.jpg\" alt=\"\" class=\"wp-image-8356\" srcset=\"https:\/\/periodiconuevomilenio.com\/wp-content\/uploads\/2023\/10\/7dbeb86b-787b-468d-a6a1-ccdaf7887d61-576x1024.jpg 576w, https:\/\/periodiconuevomilenio.com\/wp-content\/uploads\/2023\/10\/7dbeb86b-787b-468d-a6a1-ccdaf7887d61-169x300.jpg 169w, https:\/\/periodiconuevomilenio.com\/wp-content\/uploads\/2023\/10\/7dbeb86b-787b-468d-a6a1-ccdaf7887d61.jpg 720w\" sizes=\"auto, (max-width: 576px) 100vw, 576px\" \/><\/figure>\n\n\n\n<figure class=\"wp-block-image size-large\"><img loading=\"lazy\" decoding=\"async\" width=\"1024\" height=\"576\" data-id=\"8357\" src=\"https:\/\/periodiconuevomilenio.com\/wp-content\/uploads\/2023\/10\/79181c2d-a9c7-49d2-ae4a-e07200707011-1024x576.jpg\" alt=\"\" class=\"wp-image-8357\" srcset=\"https:\/\/periodiconuevomilenio.com\/wp-content\/uploads\/2023\/10\/79181c2d-a9c7-49d2-ae4a-e07200707011-1024x576.jpg 1024w, https:\/\/periodiconuevomilenio.com\/wp-content\/uploads\/2023\/10\/79181c2d-a9c7-49d2-ae4a-e07200707011-300x169.jpg 300w, https:\/\/periodiconuevomilenio.com\/wp-content\/uploads\/2023\/10\/79181c2d-a9c7-49d2-ae4a-e07200707011-768x432.jpg 768w, https:\/\/periodiconuevomilenio.com\/wp-content\/uploads\/2023\/10\/79181c2d-a9c7-49d2-ae4a-e07200707011.jpg 1280w\" sizes=\"auto, (max-width: 1024px) 100vw, 1024px\" \/><\/figure>\n<\/figure>\n\n\n\n<figure class=\"wp-block-gallery has-nested-images columns-default is-cropped wp-block-gallery-2 is-layout-flex wp-block-gallery-is-layout-flex\"><\/figure>\n","protected":false},"excerpt":{"rendered":"<p>El Ministerio P\u00fablico obtuvo que fueran vinculados a proceso penal por los delitos de desaparici\u00f3n de personas, delitos<\/p>\n","protected":false},"author":1,"featured_media":8357,"comment_status":"open","ping_status":"open","sticky":false,"template":"","format":"standard","meta":{"jetpack_post_was_ever_published":false,"_jetpack_newsletter_access":"","_jetpack_dont_email_post_to_subs":false,"_jetpack_newsletter_tier_id":0,"_jetpack_memberships_contains_paywalled_content":false,"_jetpack_memberships_contains_paid_content":false,"footnotes":"","jetpack_publicize_message":"","jetpack_publicize_feature_enabled":true,"jetpack_social_post_already_shared":true,"jetpack_social_options":{"image_generator_settings":{"template":"highway","enabled":false},"version":2}},"categories":[31,48],"tags":[51],"class_list":["post-8355","post","type-post","status-publish","format-standard","has-post-thumbnail","hentry","category-estado","category-policiaca","tag-estado"],"jetpack_publicize_connections":[],"jetpack_sharing_enabled":true,"jetpack_featured_media_url":"https:\/\/periodiconuevomilenio.com\/wp-content\/uploads\/2023\/10\/79181c2d-a9c7-49d2-ae4a-e07200707011.jpg","_links":{"self":[{"href":"https:\/\/periodiconuevomilenio.com\/index.php\/wp-json\/wp\/v2\/posts\/8355","targetHints":{"allow":["GET"]}}],"collection":[{"href":"https:\/\/periodiconuevomilenio.com\/index.php\/wp-json\/wp\/v2\/posts"}],"about":[{"href":"https:\/\/periodiconuevomilenio.com\/index.php\/wp-json\/wp\/v2\/types\/post"}],"author":[{"embeddable":true,"href":"https:\/\/periodiconuevomilenio.com\/index.php\/wp-json\/wp\/v2\/users\/1"}],"replies":[{"embeddable":true,"href":"https:\/\/periodiconuevomilenio.com\/index.php\/wp-json\/wp\/v2\/comments?post=8355"}],"version-history":[{"count":1,"href":"https:\/\/periodiconuevomilenio.com\/index.php\/wp-json\/wp\/v2\/posts\/8355\/revisions"}],"predecessor-version":[{"id":8358,"href":"https:\/\/periodiconuevomilenio.com\/index.php\/wp-json\/wp\/v2\/posts\/8355\/revisions\/8358"}],"wp:featuredmedia":[{"embeddable":true,"href":"https:\/\/periodiconuevomilenio.com\/index.php\/wp-json\/wp\/v2\/media\/8357"}],"wp:attachment":[{"href":"https:\/\/periodiconuevomilenio.com\/index.php\/wp-json\/wp\/v2\/media?parent=8355"}],"wp:term":[{"taxonomy":"category","embeddable":true,"href":"https:\/\/periodiconuevomilenio.com\/index.php\/wp-json\/wp\/v2\/categories?post=8355"},{"taxonomy":"post_tag","embeddable":true,"href":"https:\/\/periodiconuevomilenio.com\/index.php\/wp-json\/wp\/v2\/tags?post=8355"}],"curies":[{"name":"wp","href":"https:\/\/api.w.org\/{rel}","templated":true}]}}