{"id":8432,"date":"2023-10-17T09:26:07","date_gmt":"2023-10-17T15:26:07","guid":{"rendered":"https:\/\/periodiconuevomilenio.com\/?p=8432"},"modified":"2023-10-17T09:26:09","modified_gmt":"2023-10-17T15:26:09","slug":"la-policia-asesinada-en-salamanca-era-de-valle","status":"publish","type":"post","link":"https:\/\/periodiconuevomilenio.com\/index.php\/2023\/10\/17\/la-policia-asesinada-en-salamanca-era-de-valle\/","title":{"rendered":"La Polic\u00eda asesinada en Salamanca era de Valle"},"content":{"rendered":"\n<p>SALAMANCA, GTO.- Fuentes oficiales y familiares confirman que una de las personas fallecidas en el ataque armado el d\u00eda de ayer en Salamanca era oficial de la polic\u00eda y originaria de Valle de Santiago, lo que ha causado gran conmoci\u00f3n entre los que la conocieron, ya que adem\u00e1s de ser muy joven tambi\u00e9n perteneci\u00f3 al cuerpo de socorristas de la Cruz Roja.<br>El Gobierno Municipal de Salamanca, adem\u00e1s de condenar el hecho y pedir se esclarezca y capture a los responsables a trav\u00e9s de un comunicado, confirm\u00f3 que el hecho se trat\u00f3 de un ataque directo cuando la unidad 1097 realizaba labores cotidianas de patrullaje en la zona sur de la ciudad.<br>Este ataque que se registr\u00f3 poco despu\u00e9s de las 9 de la noche en el Boulevard Valle de Santiago, justo por el fraccionamiento Villa petrolera, dej\u00f3 como saldo a una agente y una civil v\u00edctima colateral sin vida.<br>La oficial de la Polic\u00eda que muri\u00f3 en el lugar de los hechos fue identificada como Jaqueline y era originaria del municipio de Valle de Santiago, sus familiares, a trav\u00e9s de una cuenta de Facebook, dieron a conocer, \u201cCon el dolor de madre, tristeza en el coraz\u00f3n, hago del conocimiento de ustedes que lamentablemente mi hija Jaqueline muri\u00f3 este 16 de octubre por la noche en un atentado en cumplimiento de su deber\u00bb.<\/p>\n\n\n\n<figure class=\"wp-block-image size-full\"><img loading=\"lazy\" decoding=\"async\" width=\"705\" height=\"881\" src=\"https:\/\/periodiconuevomilenio.com\/wp-content\/uploads\/2023\/10\/fb_img_1697548745712.jpg\" alt=\"\" class=\"wp-image-8433\" srcset=\"https:\/\/periodiconuevomilenio.com\/wp-content\/uploads\/2023\/10\/fb_img_1697548745712.jpg 705w, https:\/\/periodiconuevomilenio.com\/wp-content\/uploads\/2023\/10\/fb_img_1697548745712-240x300.jpg 240w\" sizes=\"auto, (max-width: 705px) 100vw, 705px\" \/><\/figure>\n\n\n","protected":false},"excerpt":{"rendered":"<p>SALAMANCA, GTO.- Fuentes oficiales y familiares confirman que una de las personas fallecidas en el ataque armado el<\/p>\n","protected":false},"author":1,"featured_media":8433,"comment_status":"open","ping_status":"open","sticky":false,"template":"","format":"standard","meta":{"jetpack_post_was_ever_published":false,"_jetpack_newsletter_access":"","_jetpack_dont_email_post_to_subs":false,"_jetpack_newsletter_tier_id":0,"_jetpack_memberships_contains_paywalled_content":false,"_jetpack_memberships_contains_paid_content":false,"footnotes":"","jetpack_publicize_message":"","jetpack_publicize_feature_enabled":false,"jetpack_social_post_already_shared":false,"jetpack_social_options":{"image_generator_settings":{"template":"highway","enabled":false},"version":2}},"categories":[48,39],"tags":[22],"class_list":["post-8432","post","type-post","status-publish","format-standard","has-post-thumbnail","hentry","category-policiaca","category-valle-de-santiago","tag-valle"],"jetpack_publicize_connections":[],"jetpack_sharing_enabled":true,"jetpack_featured_media_url":"https:\/\/periodiconuevomilenio.com\/wp-content\/uploads\/2023\/10\/fb_img_1697548745712.jpg","_links":{"self":[{"href":"https:\/\/periodiconuevomilenio.com\/index.php\/wp-json\/wp\/v2\/posts\/8432","targetHints":{"allow":["GET"]}}],"collection":[{"href":"https:\/\/periodiconuevomilenio.com\/index.php\/wp-json\/wp\/v2\/posts"}],"about":[{"href":"https:\/\/periodiconuevomilenio.com\/index.php\/wp-json\/wp\/v2\/types\/post"}],"author":[{"embeddable":true,"href":"https:\/\/periodiconuevomilenio.com\/index.php\/wp-json\/wp\/v2\/users\/1"}],"replies":[{"embeddable":true,"href":"https:\/\/periodiconuevomilenio.com\/index.php\/wp-json\/wp\/v2\/comments?post=8432"}],"version-history":[{"count":1,"href":"https:\/\/periodiconuevomilenio.com\/index.php\/wp-json\/wp\/v2\/posts\/8432\/revisions"}],"predecessor-version":[{"id":8434,"href":"https:\/\/periodiconuevomilenio.com\/index.php\/wp-json\/wp\/v2\/posts\/8432\/revisions\/8434"}],"wp:featuredmedia":[{"embeddable":true,"href":"https:\/\/periodiconuevomilenio.com\/index.php\/wp-json\/wp\/v2\/media\/8433"}],"wp:attachment":[{"href":"https:\/\/periodiconuevomilenio.com\/index.php\/wp-json\/wp\/v2\/media?parent=8432"}],"wp:term":[{"taxonomy":"category","embeddable":true,"href":"https:\/\/periodiconuevomilenio.com\/index.php\/wp-json\/wp\/v2\/categories?post=8432"},{"taxonomy":"post_tag","embeddable":true,"href":"https:\/\/periodiconuevomilenio.com\/index.php\/wp-json\/wp\/v2\/tags?post=8432"}],"curies":[{"name":"wp","href":"https:\/\/api.w.org\/{rel}","templated":true}]}}