{"id":8457,"date":"2023-10-18T20:27:19","date_gmt":"2023-10-19T02:27:19","guid":{"rendered":"https:\/\/periodiconuevomilenio.com\/?p=8457"},"modified":"2023-10-18T20:27:21","modified_gmt":"2023-10-19T02:27:21","slug":"asesinan-a-empleado-municipal","status":"publish","type":"post","link":"https:\/\/periodiconuevomilenio.com\/index.php\/2023\/10\/18\/asesinan-a-empleado-municipal\/","title":{"rendered":"Asesinan a empleado\u00a0 Municipal."},"content":{"rendered":"\n<p><strong>*<\/strong>Pese a discapacidad le dispararon a quemarropa<\/p>\n\n\n\n<p>*Encargado del programa alimentario de la secretaria Particular<\/p>\n\n\n\n<p>VALLE DE SANTIAGO, GTO.- Confirman plenamente que esta noche fue asesinado un funcionario Municipal, quien&nbsp; muri\u00f3 tras ser agredido a balazos al interior de un local donde anteriormente era una tienda de abarrotes y ahora vend\u00edan alimentos.<\/p>\n\n\n\n<p>Marcos Gonz\u00e1lez quien se desplazaba en silla de ruedas, fue la persona&nbsp; que muri\u00f3 a balazos esta tarde en la colonia Emiliano Zapata, se dice que los agresores entraron hasta su local donde se encontraba en compa\u00f1\u00eda de su familia, uno de sus hijos tambi\u00e9n resulto herido.<\/p>\n\n\n\n<p>Marcos Gonz\u00e1lez durante muchos a\u00f1os ha sido trabajador y funcionario a lo largo de las \u00faltimas administraciones,&nbsp; recientemente ocupaban la direcci\u00f3n de la unidad deportiva, m\u00e1s tarde fue cambiado a la subdirecci\u00f3n de tr\u00e1nsito municipal y escasos d\u00edas hab\u00eda sido comisionado&nbsp; la secretaria Particular en el programa alimentario &nbsp;.<\/p>\n\n\n\n<p>De acuerdo a los informes preliminares de&nbsp; la Comisaria de Seguridad P\u00fablica,&nbsp; fue cerca de la&nbsp; 5 de la tarde con 25 minutos, reci\u00e9n acababa de regresar de sus labores,&nbsp; se&nbsp; dispon\u00eda a descansar,&nbsp; ingresaron a su local personas armadas, se desconoce&nbsp; cu\u00e1ntas, y les dispararon, muriendo casi de manera inmediata.<\/p>\n\n\n\n<p>Se inform\u00f3 que vecinos reportaron al 911&nbsp; detonaciones de&nbsp; arma de fuego cerca de&nbsp;&nbsp; la glorieta Zapata en&nbsp; la calle Petr\u00f3leos&nbsp; entre&nbsp; Eufemio Arredondo y&nbsp;&nbsp; Tres Carrillos, al llegar al lugar elementos preventivos&nbsp; encontrando un negocio de venta de comida denominado \u201cTorta la Esperanza\u201d, donde encontraron a una persona&nbsp; del sexo masculino con discapacidad,&nbsp; quien presentaba disparos de arma de fuego as\u00ed como a otra persona lesionada.<\/p>\n\n\n\n<p>&nbsp;De&nbsp; inmediato se solicita apoyo de unidades de Auxilio, arribando la unidad 606 de Cruz Roja,&nbsp; quien se\u00f1ala que una persona se encuentra sin vida y otra fue trasladado lesionado al Hospital.<\/p>\n\n\n\n<p>M\u00e1s tarde arribaron agente de investigaci\u00f3n criminal quienes trabajaron en el lugar recabando\u00a0 toda evidencia y abrir una carpeta de investigaci\u00f3n, el cuerpo fue trasladado al servicio m\u00e9dico forense donde se contin\u00faan con las averiguaciones.<\/p>\n\n\n\n<figure class=\"wp-block-gallery has-nested-images columns-default is-cropped wp-block-gallery-1 is-layout-flex wp-block-gallery-is-layout-flex\">\n<figure class=\"wp-block-image size-large\"><img loading=\"lazy\" decoding=\"async\" width=\"1024\" height=\"683\" data-id=\"8458\" src=\"https:\/\/periodiconuevomilenio.com\/wp-content\/uploads\/2023\/10\/img_1899-1024x683.jpg\" alt=\"\" class=\"wp-image-8458\" srcset=\"https:\/\/periodiconuevomilenio.com\/wp-content\/uploads\/2023\/10\/img_1899-1024x683.jpg 1024w, https:\/\/periodiconuevomilenio.com\/wp-content\/uploads\/2023\/10\/img_1899-300x200.jpg 300w, https:\/\/periodiconuevomilenio.com\/wp-content\/uploads\/2023\/10\/img_1899-768x512.jpg 768w, https:\/\/periodiconuevomilenio.com\/wp-content\/uploads\/2023\/10\/img_1899-1536x1024.jpg 1536w, https:\/\/periodiconuevomilenio.com\/wp-content\/uploads\/2023\/10\/img_1899-2048x1365.jpg 2048w\" sizes=\"auto, (max-width: 1024px) 100vw, 1024px\" \/><\/figure>\n\n\n\n<figure class=\"wp-block-image size-large\"><img loading=\"lazy\" decoding=\"async\" width=\"1024\" height=\"473\" data-id=\"8459\" src=\"https:\/\/periodiconuevomilenio.com\/wp-content\/uploads\/2023\/10\/img_20231018_182447-1024x473.jpg\" alt=\"\" class=\"wp-image-8459\" srcset=\"https:\/\/periodiconuevomilenio.com\/wp-content\/uploads\/2023\/10\/img_20231018_182447-1024x473.jpg 1024w, https:\/\/periodiconuevomilenio.com\/wp-content\/uploads\/2023\/10\/img_20231018_182447-300x139.jpg 300w, https:\/\/periodiconuevomilenio.com\/wp-content\/uploads\/2023\/10\/img_20231018_182447-768x355.jpg 768w, https:\/\/periodiconuevomilenio.com\/wp-content\/uploads\/2023\/10\/img_20231018_182447-1536x709.jpg 1536w, https:\/\/periodiconuevomilenio.com\/wp-content\/uploads\/2023\/10\/img_20231018_182447-2048x946.jpg 2048w\" sizes=\"auto, (max-width: 1024px) 100vw, 1024px\" \/><\/figure>\n\n\n\n<figure class=\"wp-block-image size-large\"><img loading=\"lazy\" decoding=\"async\" width=\"1024\" height=\"683\" data-id=\"8460\" src=\"https:\/\/periodiconuevomilenio.com\/wp-content\/uploads\/2023\/10\/img_1893-1024x683.jpg\" alt=\"\" class=\"wp-image-8460\" srcset=\"https:\/\/periodiconuevomilenio.com\/wp-content\/uploads\/2023\/10\/img_1893-1024x683.jpg 1024w, https:\/\/periodiconuevomilenio.com\/wp-content\/uploads\/2023\/10\/img_1893-300x200.jpg 300w, https:\/\/periodiconuevomilenio.com\/wp-content\/uploads\/2023\/10\/img_1893-768x512.jpg 768w, https:\/\/periodiconuevomilenio.com\/wp-content\/uploads\/2023\/10\/img_1893-1536x1024.jpg 1536w, https:\/\/periodiconuevomilenio.com\/wp-content\/uploads\/2023\/10\/img_1893-2048x1365.jpg 2048w\" sizes=\"auto, (max-width: 1024px) 100vw, 1024px\" \/><\/figure>\n<\/figure>\n\n\n\n<figure class=\"wp-block-gallery has-nested-images columns-default is-cropped wp-block-gallery-2 is-layout-flex wp-block-gallery-is-layout-flex\"><\/figure>\n","protected":false},"excerpt":{"rendered":"<p>*Pese a discapacidad le dispararon a quemarropa *Encargado del programa alimentario de la secretaria Particular VALLE DE SANTIAGO,<\/p>\n","protected":false},"author":1,"featured_media":8459,"comment_status":"open","ping_status":"open","sticky":false,"template":"","format":"standard","meta":{"jetpack_post_was_ever_published":false,"_jetpack_newsletter_access":"","_jetpack_dont_email_post_to_subs":false,"_jetpack_newsletter_tier_id":0,"_jetpack_memberships_contains_paywalled_content":false,"_jetpack_memberships_contains_paid_content":false,"footnotes":"","jetpack_publicize_message":"","jetpack_publicize_feature_enabled":false,"jetpack_social_post_already_shared":false,"jetpack_social_options":{"image_generator_settings":{"template":"highway","enabled":false},"version":2}},"categories":[48,39],"tags":[22],"class_list":["post-8457","post","type-post","status-publish","format-standard","has-post-thumbnail","hentry","category-policiaca","category-valle-de-santiago","tag-valle"],"jetpack_publicize_connections":[],"jetpack_sharing_enabled":true,"jetpack_featured_media_url":"https:\/\/periodiconuevomilenio.com\/wp-content\/uploads\/2023\/10\/img_20231018_182447-scaled.jpg","_links":{"self":[{"href":"https:\/\/periodiconuevomilenio.com\/index.php\/wp-json\/wp\/v2\/posts\/8457","targetHints":{"allow":["GET"]}}],"collection":[{"href":"https:\/\/periodiconuevomilenio.com\/index.php\/wp-json\/wp\/v2\/posts"}],"about":[{"href":"https:\/\/periodiconuevomilenio.com\/index.php\/wp-json\/wp\/v2\/types\/post"}],"author":[{"embeddable":true,"href":"https:\/\/periodiconuevomilenio.com\/index.php\/wp-json\/wp\/v2\/users\/1"}],"replies":[{"embeddable":true,"href":"https:\/\/periodiconuevomilenio.com\/index.php\/wp-json\/wp\/v2\/comments?post=8457"}],"version-history":[{"count":1,"href":"https:\/\/periodiconuevomilenio.com\/index.php\/wp-json\/wp\/v2\/posts\/8457\/revisions"}],"predecessor-version":[{"id":8461,"href":"https:\/\/periodiconuevomilenio.com\/index.php\/wp-json\/wp\/v2\/posts\/8457\/revisions\/8461"}],"wp:featuredmedia":[{"embeddable":true,"href":"https:\/\/periodiconuevomilenio.com\/index.php\/wp-json\/wp\/v2\/media\/8459"}],"wp:attachment":[{"href":"https:\/\/periodiconuevomilenio.com\/index.php\/wp-json\/wp\/v2\/media?parent=8457"}],"wp:term":[{"taxonomy":"category","embeddable":true,"href":"https:\/\/periodiconuevomilenio.com\/index.php\/wp-json\/wp\/v2\/categories?post=8457"},{"taxonomy":"post_tag","embeddable":true,"href":"https:\/\/periodiconuevomilenio.com\/index.php\/wp-json\/wp\/v2\/tags?post=8457"}],"curies":[{"name":"wp","href":"https:\/\/api.w.org\/{rel}","templated":true}]}}