{"id":8467,"date":"2023-10-18T22:30:19","date_gmt":"2023-10-19T04:30:19","guid":{"rendered":"https:\/\/periodiconuevomilenio.com\/?p=8467"},"modified":"2023-10-18T22:30:21","modified_gmt":"2023-10-19T04:30:21","slug":"liberan-a-jaralense-secuestrado","status":"publish","type":"post","link":"https:\/\/periodiconuevomilenio.com\/index.php\/2023\/10\/18\/liberan-a-jaralense-secuestrado\/","title":{"rendered":"Liberan a Jaralense secuestrado."},"content":{"rendered":"\n<p>Elementos de la Polic\u00eda Municipal de Apaseo el Alto rescataron a Jaralenses que hab\u00edan secuestrado y recuperaron la unidad que momentos antes se la hab\u00edan quitado con lujo de violencia.<br>El grupo de la polic\u00eda de operaciones especiales en Apaseo el alto tras una peliculesca persecuci\u00f3n lograron recuperar el veh\u00edculo que hab\u00edan sido despojado de manera violenta, los presuntos delincuentes huyeron entre el cerro.<br>Al revisar la unidad en la cajuela encontraron al propietario de la unidad que llevaban secuestrado y fue rescatado sano y salvo en estos hechos que sucedieron en Apaseo el Alto.<br>Mediante un reporte al 911 pusieron en alerta a la polic\u00eda, ya que sobre la carretera panamericana estaba despojando de su veh\u00edculo a una persona, por lo que de inmediato el grupo de operaciones especiales de la Polic\u00eda local montaron un operativo y lograron detectar a la camioneta que coincid\u00eda con las caracter\u00edsticas marc\u00e1ndole el alto al conductor el cual hizo caso omiso y en lugar de detenerse imprimi\u00f3 mayor velocidad.<br>Iniciando as\u00ed una persecuci\u00f3n logrando detener al veh\u00edculo sobre el camino de terracer\u00eda de la colonia la Ca\u00f1ada, de donde descendieron dos masculinos y emprendieron la huida entre el cerro.<br>Los uniformados procedieron con cautela a revisar el veh\u00edculo, localizando a una persona que dijo ser Enrique, de 66 a\u00f1os, originario de Jaral del Progreso, quien dijo ser el afectado a quien lo levaban privado de su libertad.<br>Fue rescatado, revisado y valorado por param\u00e9dicos de la direcci\u00f3n municipal de protecci\u00f3n civil y posteriormente entregado a sus familiares sano y salvo, as\u00ed como la unidad en que viajaba.<\/p>\n\n\n\n<figure class=\"wp-block-image size-full\"><img loading=\"lazy\" decoding=\"async\" width=\"428\" height=\"325\" src=\"https:\/\/periodiconuevomilenio.com\/wp-content\/uploads\/2023\/10\/64360c78-cdbe-40bf-8fd8-fdcda8f4f984.jpg\" alt=\"\" class=\"wp-image-8468\" srcset=\"https:\/\/periodiconuevomilenio.com\/wp-content\/uploads\/2023\/10\/64360c78-cdbe-40bf-8fd8-fdcda8f4f984.jpg 428w, https:\/\/periodiconuevomilenio.com\/wp-content\/uploads\/2023\/10\/64360c78-cdbe-40bf-8fd8-fdcda8f4f984-300x228.jpg 300w\" sizes=\"auto, (max-width: 428px) 100vw, 428px\" \/><\/figure>\n\n\n","protected":false},"excerpt":{"rendered":"<p>Elementos de la Polic\u00eda Municipal de Apaseo el Alto rescataron a Jaralenses que hab\u00edan secuestrado y recuperaron la<\/p>\n","protected":false},"author":1,"featured_media":8468,"comment_status":"open","ping_status":"open","sticky":false,"template":"","format":"standard","meta":{"jetpack_post_was_ever_published":false,"_jetpack_newsletter_access":"","_jetpack_dont_email_post_to_subs":false,"_jetpack_newsletter_tier_id":0,"_jetpack_memberships_contains_paywalled_content":false,"_jetpack_memberships_contains_paid_content":false,"footnotes":"","jetpack_publicize_message":"","jetpack_publicize_feature_enabled":true,"jetpack_social_post_already_shared":true,"jetpack_social_options":{"image_generator_settings":{"template":"highway","enabled":false},"version":2}},"categories":[31,48],"tags":[51],"class_list":["post-8467","post","type-post","status-publish","format-standard","has-post-thumbnail","hentry","category-estado","category-policiaca","tag-estado"],"jetpack_publicize_connections":[],"jetpack_sharing_enabled":true,"jetpack_featured_media_url":"https:\/\/periodiconuevomilenio.com\/wp-content\/uploads\/2023\/10\/64360c78-cdbe-40bf-8fd8-fdcda8f4f984.jpg","_links":{"self":[{"href":"https:\/\/periodiconuevomilenio.com\/index.php\/wp-json\/wp\/v2\/posts\/8467","targetHints":{"allow":["GET"]}}],"collection":[{"href":"https:\/\/periodiconuevomilenio.com\/index.php\/wp-json\/wp\/v2\/posts"}],"about":[{"href":"https:\/\/periodiconuevomilenio.com\/index.php\/wp-json\/wp\/v2\/types\/post"}],"author":[{"embeddable":true,"href":"https:\/\/periodiconuevomilenio.com\/index.php\/wp-json\/wp\/v2\/users\/1"}],"replies":[{"embeddable":true,"href":"https:\/\/periodiconuevomilenio.com\/index.php\/wp-json\/wp\/v2\/comments?post=8467"}],"version-history":[{"count":1,"href":"https:\/\/periodiconuevomilenio.com\/index.php\/wp-json\/wp\/v2\/posts\/8467\/revisions"}],"predecessor-version":[{"id":8469,"href":"https:\/\/periodiconuevomilenio.com\/index.php\/wp-json\/wp\/v2\/posts\/8467\/revisions\/8469"}],"wp:featuredmedia":[{"embeddable":true,"href":"https:\/\/periodiconuevomilenio.com\/index.php\/wp-json\/wp\/v2\/media\/8468"}],"wp:attachment":[{"href":"https:\/\/periodiconuevomilenio.com\/index.php\/wp-json\/wp\/v2\/media?parent=8467"}],"wp:term":[{"taxonomy":"category","embeddable":true,"href":"https:\/\/periodiconuevomilenio.com\/index.php\/wp-json\/wp\/v2\/categories?post=8467"},{"taxonomy":"post_tag","embeddable":true,"href":"https:\/\/periodiconuevomilenio.com\/index.php\/wp-json\/wp\/v2\/tags?post=8467"}],"curies":[{"name":"wp","href":"https:\/\/api.w.org\/{rel}","templated":true}]}}