{"id":8542,"date":"2023-10-22T11:13:35","date_gmt":"2023-10-22T17:13:35","guid":{"rendered":"https:\/\/periodiconuevomilenio.com\/?p=8542"},"modified":"2023-10-22T11:13:36","modified_gmt":"2023-10-22T17:13:36","slug":"la-secretaria-de-seguridad-publica-del-estado-en-coordinacion-con-la-fge-detuvieron-en-salvatierra-a-un-hombre-con-un-arma-de-fuego-larga-un-cargador-cartuchos-utiles-y-equipo-tactico","status":"publish","type":"post","link":"https:\/\/periodiconuevomilenio.com\/index.php\/2023\/10\/22\/la-secretaria-de-seguridad-publica-del-estado-en-coordinacion-con-la-fge-detuvieron-en-salvatierra-a-un-hombre-con-un-arma-de-fuego-larga-un-cargador-cartuchos-utiles-y-equipo-tactico\/","title":{"rendered":"La Secretar\u00eda de Seguridad P\u00fablica del Estado en coordinaci\u00f3n con la FGE detuvieron en Salvatierra a un hombre con un arma de fuego larga, un cargador, cartuchos \u00fatiles y equipo t\u00e1ctico."},"content":{"rendered":"\n<ul class=\"wp-block-list\">\n<li><strong>Esta persona tra\u00eda consigo varias dosis de mariguana, as\u00ed como quipos de comunicaci\u00f3n entre sus pertenencias.<\/strong><\/li>\n<\/ul>\n\n\n\n<p><strong>Salvatierra, Gto.-<\/strong>&nbsp;La Secretar\u00eda de Seguridad P\u00fablica del Estado en coordinaci\u00f3n con la Fiscal\u00eda General del Estado, detuvieron a un hombre por la portaci\u00f3n de un arma de fuego larga, cartuchos \u00fatiles, un cargador, equipo t\u00e1ctico, droga y radios de comunicaci\u00f3n.<\/p>\n\n\n\n<p>El hecho se registr\u00f3 cuando efectivos estatales realizaban recorridos de vigilancia en la comunidad San Nicol\u00e1s de los Agustinos, donde detectaron a la persona a bordo de una motocicleta y quien al percatarse de la presencia policial adopt\u00f3 una actitud evasiva, por lo que le indicaron el alto.<\/p>\n\n\n\n<p>En el lugar se entrevistaron con un hombre de nombre Ezequiel \u2018N\u2019 de 26 a\u00f1os de edad, vecino de este municipio, quien dijo pertenecer a un grupo delictivo que opera en la regi\u00f3n.<\/p>\n\n\n\n<p>La detenci\u00f3n de esta persona se llev\u00f3 a cabo luego de que sin motivo aparente comenz\u00f3 a correr para huir de los uniformados, por lo que al activarse los protocolos de seguridad, se le indic\u00f3 el alto y durante una revisi\u00f3n preventiva se le asegur\u00f3 lo siguiente:<\/p>\n\n\n\n<p><strong>Armamento asegurado:<\/strong><\/p>\n\n\n\n<ul class=\"wp-block-list\">\n<li>01 arma de fuego tipo larga, calibre 5.56 mm.<\/li>\n\n\n\n<li>01 cargador met\u00e1lico, color negro.<\/li>\n\n\n\n<li>02 chalecos bal\u00edsticos.<\/li>\n\n\n\n<li>25 cartuchos calibre 5.56 mm.<\/li>\n<\/ul>\n\n\n\n<p><strong>Droga asegurada<\/strong><\/p>\n\n\n\n<ul class=\"wp-block-list\">\n<li>50 dosis de mariguana.<\/li>\n<\/ul>\n\n\n\n<p><strong>Equipos de comunicaci\u00f3n<\/strong><\/p>\n\n\n\n<ul class=\"wp-block-list\">\n<li>02 tel\u00e9fonos celulares.<\/li>\n\n\n\n<li>02 radios de comunicaci\u00f3n color negro.<\/li>\n<\/ul>\n\n\n\n<p><strong>Veh\u00edculos<\/strong><\/p>\n\n\n\n<ul class=\"wp-block-list\">\n<li>01 motocicleta color negro, tipo trabajo, sin tablillas de circulaci\u00f3n, con alteraciones en el N\u00famero de Identificaci\u00f3n Vehicular por acci\u00f3n mec\u00e1nica.<\/li>\n<\/ul>\n\n\n\n<p>Tras lo ocurrido, tanto la persona, el arma larga, el cargador, los cartuchos, la droga, los equipos de comunicaci\u00f3n y la motocicleta, fueron puestos a disposici\u00f3n de la autoridad competente.<\/p>\n\n\n\n<figure class=\"wp-block-gallery has-nested-images columns-default is-cropped wp-block-gallery-1 is-layout-flex wp-block-gallery-is-layout-flex\">\n<figure class=\"wp-block-image size-large\"><img loading=\"lazy\" decoding=\"async\" width=\"1024\" height=\"649\" data-id=\"8544\" src=\"https:\/\/periodiconuevomilenio.com\/wp-content\/uploads\/2023\/10\/WE12-1024x649.jpg\" alt=\"\" class=\"wp-image-8544\" srcset=\"https:\/\/periodiconuevomilenio.com\/wp-content\/uploads\/2023\/10\/WE12-1024x649.jpg 1024w, https:\/\/periodiconuevomilenio.com\/wp-content\/uploads\/2023\/10\/WE12-300x190.jpg 300w, https:\/\/periodiconuevomilenio.com\/wp-content\/uploads\/2023\/10\/WE12-768x486.jpg 768w, https:\/\/periodiconuevomilenio.com\/wp-content\/uploads\/2023\/10\/WE12.jpg 1200w\" sizes=\"auto, (max-width: 1024px) 100vw, 1024px\" \/><\/figure>\n\n\n\n<figure class=\"wp-block-image size-large\"><img loading=\"lazy\" decoding=\"async\" width=\"1024\" height=\"768\" data-id=\"8543\" src=\"https:\/\/periodiconuevomilenio.com\/wp-content\/uploads\/2023\/10\/WE-1024x768.jpg\" alt=\"\" class=\"wp-image-8543\" srcset=\"https:\/\/periodiconuevomilenio.com\/wp-content\/uploads\/2023\/10\/WE-1024x768.jpg 1024w, https:\/\/periodiconuevomilenio.com\/wp-content\/uploads\/2023\/10\/WE-300x225.jpg 300w, https:\/\/periodiconuevomilenio.com\/wp-content\/uploads\/2023\/10\/WE-768x576.jpg 768w, https:\/\/periodiconuevomilenio.com\/wp-content\/uploads\/2023\/10\/WE-1536x1152.jpg 1536w, https:\/\/periodiconuevomilenio.com\/wp-content\/uploads\/2023\/10\/WE.jpg 1600w\" sizes=\"auto, (max-width: 1024px) 100vw, 1024px\" \/><\/figure>\n<\/figure>\n\n\n\n<figure class=\"wp-block-gallery has-nested-images columns-default is-cropped wp-block-gallery-2 is-layout-flex wp-block-gallery-is-layout-flex\"><\/figure>\n","protected":false},"excerpt":{"rendered":"<p>Salvatierra, Gto.-&nbsp;La Secretar\u00eda de Seguridad P\u00fablica del Estado en coordinaci\u00f3n con la Fiscal\u00eda General del Estado, detuvieron a<\/p>\n","protected":false},"author":1,"featured_media":8543,"comment_status":"open","ping_status":"open","sticky":false,"template":"","format":"standard","meta":{"jetpack_post_was_ever_published":false,"_jetpack_newsletter_access":"","_jetpack_dont_email_post_to_subs":false,"_jetpack_newsletter_tier_id":0,"_jetpack_memberships_contains_paywalled_content":false,"_jetpack_memberships_contains_paid_content":false,"footnotes":"","jetpack_publicize_message":"","jetpack_publicize_feature_enabled":true,"jetpack_social_post_already_shared":true,"jetpack_social_options":{"image_generator_settings":{"template":"highway","enabled":false},"version":2}},"categories":[31,48],"tags":[51],"class_list":["post-8542","post","type-post","status-publish","format-standard","has-post-thumbnail","hentry","category-estado","category-policiaca","tag-estado"],"jetpack_publicize_connections":[],"jetpack_sharing_enabled":true,"jetpack_featured_media_url":"https:\/\/periodiconuevomilenio.com\/wp-content\/uploads\/2023\/10\/WE.jpg","_links":{"self":[{"href":"https:\/\/periodiconuevomilenio.com\/index.php\/wp-json\/wp\/v2\/posts\/8542","targetHints":{"allow":["GET"]}}],"collection":[{"href":"https:\/\/periodiconuevomilenio.com\/index.php\/wp-json\/wp\/v2\/posts"}],"about":[{"href":"https:\/\/periodiconuevomilenio.com\/index.php\/wp-json\/wp\/v2\/types\/post"}],"author":[{"embeddable":true,"href":"https:\/\/periodiconuevomilenio.com\/index.php\/wp-json\/wp\/v2\/users\/1"}],"replies":[{"embeddable":true,"href":"https:\/\/periodiconuevomilenio.com\/index.php\/wp-json\/wp\/v2\/comments?post=8542"}],"version-history":[{"count":1,"href":"https:\/\/periodiconuevomilenio.com\/index.php\/wp-json\/wp\/v2\/posts\/8542\/revisions"}],"predecessor-version":[{"id":8545,"href":"https:\/\/periodiconuevomilenio.com\/index.php\/wp-json\/wp\/v2\/posts\/8542\/revisions\/8545"}],"wp:featuredmedia":[{"embeddable":true,"href":"https:\/\/periodiconuevomilenio.com\/index.php\/wp-json\/wp\/v2\/media\/8543"}],"wp:attachment":[{"href":"https:\/\/periodiconuevomilenio.com\/index.php\/wp-json\/wp\/v2\/media?parent=8542"}],"wp:term":[{"taxonomy":"category","embeddable":true,"href":"https:\/\/periodiconuevomilenio.com\/index.php\/wp-json\/wp\/v2\/categories?post=8542"},{"taxonomy":"post_tag","embeddable":true,"href":"https:\/\/periodiconuevomilenio.com\/index.php\/wp-json\/wp\/v2\/tags?post=8542"}],"curies":[{"name":"wp","href":"https:\/\/api.w.org\/{rel}","templated":true}]}}