{"id":9179,"date":"2023-11-09T22:38:02","date_gmt":"2023-11-10T04:38:02","guid":{"rendered":"https:\/\/periodiconuevomilenio.com\/?p=9179"},"modified":"2023-11-09T22:38:04","modified_gmt":"2023-11-10T04:38:04","slug":"se-llamo-federico-la-persona-en-silla-de-ruedas-que-fue-asesinado","status":"publish","type":"post","link":"https:\/\/periodiconuevomilenio.com\/index.php\/2023\/11\/09\/se-llamo-federico-la-persona-en-silla-de-ruedas-que-fue-asesinado\/","title":{"rendered":"Se llam\u00f3 Federico, la persona en  Silla de ruedas que fue asesinado."},"content":{"rendered":"\n<p>VALLE DE SANTIAGO. GTO.- Confirmo la fiscal\u00eda del estado que la persona asesinada la tarde noche de ayer mi\u00e9rcoles en la colonia Ranchos Unidos se llam\u00f3 Federico, su cuerpo ya fue reclamado por sus familiares para darle sepultura.<\/p>\n\n\n\n<p>Es de recordar que este mi\u00e9rcoles 8 de noviembre, una persona&nbsp; con discapacidad fue asesinado muy cerca de la secundaria t\u00e9cnica, en los l\u00edmites entre la colonia Ranchos&nbsp; Unidos.<\/p>\n\n\n\n<p>Hasta el momento se desconoce la identidad de la persona, solo se sabe que circulaba por el arroyo de la calle Privada Eta, casi esquina con L\u00e1zaro C\u00e1rdenas.<\/p>\n\n\n\n<p>Esto fue cerca de las 7:30&nbsp; de la noche cuando al sistema de emergencia 911 llego una llamada alertando a la polic\u00eda sobre detonaci\u00f3n de arma de fuego, cuando llegaron al lugar localizaron una persona sorbe silla de ruedas que sangraba profundamente, llamando de inmediato a las ambulancias, cuando param\u00e9dicos lo revisaron y se percataron que ya no contaba con signos vitales.<\/p>\n\n\n\n<p>&nbsp;La fiscal\u00eda general del&nbsp; estado este d\u00eda confirmo que los hechos se registraron en la colonia Ranchos Unidos y la persona fallecida&nbsp; es de sexo masculino, ya fue identificado como Federico \u201cN\u201d, mismo que present\u00f3 lesiones de las producidas por proyectil disparado por arma de fuego.<\/p>\n\n\n\n<p>\u00a0En el lugar se aseguraron casquillos de arma de fuego, lo que significa que fue asesinado en el lugar donde se encontr\u00f3, por ahora contin\u00faan las investigaciones para conocer la mesi\u00e1nica de los hechos y poder dar con la\u00a0 identidad de los sicarios.<\/p>\n\n\n\n<figure class=\"wp-block-image size-full\"><img loading=\"lazy\" decoding=\"async\" width=\"666\" height=\"452\" src=\"https:\/\/periodiconuevomilenio.com\/wp-content\/uploads\/2023\/11\/21805ca5-e37d-488d-93c3-1b079c3964b8-1.jpg\" alt=\"\" class=\"wp-image-9180\" srcset=\"https:\/\/periodiconuevomilenio.com\/wp-content\/uploads\/2023\/11\/21805ca5-e37d-488d-93c3-1b079c3964b8-1.jpg 666w, https:\/\/periodiconuevomilenio.com\/wp-content\/uploads\/2023\/11\/21805ca5-e37d-488d-93c3-1b079c3964b8-1-300x204.jpg 300w\" sizes=\"auto, (max-width: 666px) 100vw, 666px\" \/><\/figure>\n\n\n\n<p><\/p>\n","protected":false},"excerpt":{"rendered":"<p>VALLE DE SANTIAGO. GTO.- Confirmo la fiscal\u00eda del estado que la persona asesinada la tarde noche de ayer<\/p>\n","protected":false},"author":1,"featured_media":9180,"comment_status":"open","ping_status":"open","sticky":false,"template":"","format":"standard","meta":{"jetpack_post_was_ever_published":false,"_jetpack_newsletter_access":"","_jetpack_dont_email_post_to_subs":false,"_jetpack_newsletter_tier_id":0,"_jetpack_memberships_contains_paywalled_content":false,"_jetpack_memberships_contains_paid_content":false,"footnotes":"","jetpack_publicize_message":"","jetpack_publicize_feature_enabled":false,"jetpack_social_post_already_shared":false,"jetpack_social_options":{"image_generator_settings":{"template":"highway","enabled":false},"version":2}},"categories":[48,39],"tags":[22],"class_list":["post-9179","post","type-post","status-publish","format-standard","has-post-thumbnail","hentry","category-policiaca","category-valle-de-santiago","tag-valle"],"jetpack_publicize_connections":[],"jetpack_sharing_enabled":true,"jetpack_featured_media_url":"https:\/\/periodiconuevomilenio.com\/wp-content\/uploads\/2023\/11\/21805ca5-e37d-488d-93c3-1b079c3964b8-1.jpg","_links":{"self":[{"href":"https:\/\/periodiconuevomilenio.com\/index.php\/wp-json\/wp\/v2\/posts\/9179","targetHints":{"allow":["GET"]}}],"collection":[{"href":"https:\/\/periodiconuevomilenio.com\/index.php\/wp-json\/wp\/v2\/posts"}],"about":[{"href":"https:\/\/periodiconuevomilenio.com\/index.php\/wp-json\/wp\/v2\/types\/post"}],"author":[{"embeddable":true,"href":"https:\/\/periodiconuevomilenio.com\/index.php\/wp-json\/wp\/v2\/users\/1"}],"replies":[{"embeddable":true,"href":"https:\/\/periodiconuevomilenio.com\/index.php\/wp-json\/wp\/v2\/comments?post=9179"}],"version-history":[{"count":1,"href":"https:\/\/periodiconuevomilenio.com\/index.php\/wp-json\/wp\/v2\/posts\/9179\/revisions"}],"predecessor-version":[{"id":9181,"href":"https:\/\/periodiconuevomilenio.com\/index.php\/wp-json\/wp\/v2\/posts\/9179\/revisions\/9181"}],"wp:featuredmedia":[{"embeddable":true,"href":"https:\/\/periodiconuevomilenio.com\/index.php\/wp-json\/wp\/v2\/media\/9180"}],"wp:attachment":[{"href":"https:\/\/periodiconuevomilenio.com\/index.php\/wp-json\/wp\/v2\/media?parent=9179"}],"wp:term":[{"taxonomy":"category","embeddable":true,"href":"https:\/\/periodiconuevomilenio.com\/index.php\/wp-json\/wp\/v2\/categories?post=9179"},{"taxonomy":"post_tag","embeddable":true,"href":"https:\/\/periodiconuevomilenio.com\/index.php\/wp-json\/wp\/v2\/tags?post=9179"}],"curies":[{"name":"wp","href":"https:\/\/api.w.org\/{rel}","templated":true}]}}