{"id":9182,"date":"2023-11-10T16:22:11","date_gmt":"2023-11-10T22:22:11","guid":{"rendered":"https:\/\/periodiconuevomilenio.com\/?p=9182"},"modified":"2023-11-10T16:22:12","modified_gmt":"2023-11-10T22:22:12","slug":"agentes-de-investigacion-detienen-a-sujeto-que-disparo-contra-dos-hermanos-en-leon","status":"publish","type":"post","link":"https:\/\/periodiconuevomilenio.com\/index.php\/2023\/11\/10\/agentes-de-investigacion-detienen-a-sujeto-que-disparo-contra-dos-hermanos-en-leon\/","title":{"rendered":"AGENTES DE INVESTIGACI\u00d3N DETIENEN A SUJETO QUE DISPAR\u00d3 CONTRA DOS HERMANOS EN LE\u00d3N"},"content":{"rendered":"\n<p>Le\u00f3n, Gto., 10 de noviembre de 2023.- La Fiscal\u00eda de Guanajuato ubic\u00f3 y cumpliment\u00f3 orden de aprehensi\u00f3n en contra de un sujeto que dispar\u00f3 un arma de fuego en contra de dos hermanos, ultimando a uno y lesionando a otro, en hechos reportados el 26 de febrero del presente a\u00f1o. El agresor ya se encuentra en la c\u00e1rcel con medida cautelar de prisi\u00f3n preventiva justificada.<\/p>\n\n\n\n<p>V\u00cdCTOR FAB\u00cdAN \u201cN\u201d es presunto responsable de la muerte de H\u00e9ctor Alexis \u201cN\u201d, de 24 a\u00f1os, quien perdi\u00f3 la vida por consecuencia de los disparos de arma de fuego penetrantes en cr\u00e1neo y cuello, el pasado 26 de febrero de este a\u00f1o en la calle San Gabriel, en la colonia Santa Rosa de Lima.<\/p>\n\n\n\n<p>De estos hechos result\u00f3 lesionado en una pierna el hermano del hoy occiso, de 22 a\u00f1os.<\/p>\n\n\n\n<p>El 26 de febrero, aproximadamente a las 19:00 horas, ambos se encontraban sobre la calle San Gabriel en la citada colonia a donde lleg\u00f3 el presunto homicida, quien portaba un arma de fuego en la mano y la accion\u00f3 contra la corporeidad de los ofendidos.<\/p>\n\n\n\n<p>H\u00e9ctor Alexis y su hermano corrieron por la calle y metros adelante se desvaneci\u00f3 por causa de las lesiones, al llegar los param\u00e9dicos ya no presentaba signos vitales mientras su hermano era trasladado a recibir atenci\u00f3n m\u00e9dica.<\/p>\n\n\n\n<p>V\u00cdCTOR FABI\u00c1N \u201cN\u201d fue identificado y localizado por Agentes de Investigaci\u00f3n Criminal, logrado su detenci\u00f3n como presunto responsable de los delitos de homicidio simple y homicidio en grado de tentativa.<\/p>\n\n\n\n<p>En audiencia inicial por duplicidad de t\u00e9rmino fue vinculado a proceso por los datos de prueba presentados por el Ministerio P\u00fablico en calidad de probable autor de homicidio simple y la tentativa de homicidio.<\/p>\n\n\n\n<p>La Fiscal\u00eda solicit\u00f3 prisi\u00f3n preventiva como medida cautelar por lo que espera en la c\u00e1rcel el avance de las investigaciones en su contra.<\/p>\n\n\n\n<figure class=\"wp-block-image size-large\"><img loading=\"lazy\" decoding=\"async\" width=\"1024\" height=\"576\" src=\"https:\/\/periodiconuevomilenio.com\/wp-content\/uploads\/2023\/11\/WhatsApp-Image-2023-11-10-at-12.05.50-PM-1024x576.jpeg\" alt=\"\" class=\"wp-image-9183\" srcset=\"https:\/\/periodiconuevomilenio.com\/wp-content\/uploads\/2023\/11\/WhatsApp-Image-2023-11-10-at-12.05.50-PM-1024x576.jpeg 1024w, https:\/\/periodiconuevomilenio.com\/wp-content\/uploads\/2023\/11\/WhatsApp-Image-2023-11-10-at-12.05.50-PM-300x169.jpeg 300w, https:\/\/periodiconuevomilenio.com\/wp-content\/uploads\/2023\/11\/WhatsApp-Image-2023-11-10-at-12.05.50-PM-768x432.jpeg 768w, https:\/\/periodiconuevomilenio.com\/wp-content\/uploads\/2023\/11\/WhatsApp-Image-2023-11-10-at-12.05.50-PM.jpeg 1280w\" sizes=\"auto, (max-width: 1024px) 100vw, 1024px\" \/><\/figure>\n\n\n","protected":false},"excerpt":{"rendered":"<p>Le\u00f3n, Gto., 10 de noviembre de 2023.- La Fiscal\u00eda de Guanajuato ubic\u00f3 y cumpliment\u00f3 orden de aprehensi\u00f3n en<\/p>\n","protected":false},"author":1,"featured_media":9183,"comment_status":"open","ping_status":"open","sticky":false,"template":"","format":"standard","meta":{"jetpack_post_was_ever_published":false,"_jetpack_newsletter_access":"","_jetpack_dont_email_post_to_subs":false,"_jetpack_newsletter_tier_id":0,"_jetpack_memberships_contains_paywalled_content":false,"_jetpack_memberships_contains_paid_content":false,"footnotes":"","jetpack_publicize_message":"","jetpack_publicize_feature_enabled":false,"jetpack_social_post_already_shared":false,"jetpack_social_options":{"image_generator_settings":{"template":"highway","enabled":false},"version":2}},"categories":[31,48],"tags":[51],"class_list":["post-9182","post","type-post","status-publish","format-standard","has-post-thumbnail","hentry","category-estado","category-policiaca","tag-estado"],"jetpack_publicize_connections":[],"jetpack_sharing_enabled":true,"jetpack_featured_media_url":"https:\/\/periodiconuevomilenio.com\/wp-content\/uploads\/2023\/11\/WhatsApp-Image-2023-11-10-at-12.05.50-PM.jpeg","_links":{"self":[{"href":"https:\/\/periodiconuevomilenio.com\/index.php\/wp-json\/wp\/v2\/posts\/9182","targetHints":{"allow":["GET"]}}],"collection":[{"href":"https:\/\/periodiconuevomilenio.com\/index.php\/wp-json\/wp\/v2\/posts"}],"about":[{"href":"https:\/\/periodiconuevomilenio.com\/index.php\/wp-json\/wp\/v2\/types\/post"}],"author":[{"embeddable":true,"href":"https:\/\/periodiconuevomilenio.com\/index.php\/wp-json\/wp\/v2\/users\/1"}],"replies":[{"embeddable":true,"href":"https:\/\/periodiconuevomilenio.com\/index.php\/wp-json\/wp\/v2\/comments?post=9182"}],"version-history":[{"count":1,"href":"https:\/\/periodiconuevomilenio.com\/index.php\/wp-json\/wp\/v2\/posts\/9182\/revisions"}],"predecessor-version":[{"id":9184,"href":"https:\/\/periodiconuevomilenio.com\/index.php\/wp-json\/wp\/v2\/posts\/9182\/revisions\/9184"}],"wp:featuredmedia":[{"embeddable":true,"href":"https:\/\/periodiconuevomilenio.com\/index.php\/wp-json\/wp\/v2\/media\/9183"}],"wp:attachment":[{"href":"https:\/\/periodiconuevomilenio.com\/index.php\/wp-json\/wp\/v2\/media?parent=9182"}],"wp:term":[{"taxonomy":"category","embeddable":true,"href":"https:\/\/periodiconuevomilenio.com\/index.php\/wp-json\/wp\/v2\/categories?post=9182"},{"taxonomy":"post_tag","embeddable":true,"href":"https:\/\/periodiconuevomilenio.com\/index.php\/wp-json\/wp\/v2\/tags?post=9182"}],"curies":[{"name":"wp","href":"https:\/\/api.w.org\/{rel}","templated":true}]}}