{"id":9927,"date":"2023-12-01T15:13:42","date_gmt":"2023-12-01T21:13:42","guid":{"rendered":"https:\/\/periodiconuevomilenio.com\/?p=9927"},"modified":"2023-12-01T15:13:44","modified_gmt":"2023-12-01T21:13:44","slug":"jose-eduardo-n-alias-el-pizzero","status":"publish","type":"post","link":"https:\/\/periodiconuevomilenio.com\/index.php\/2023\/12\/01\/jose-eduardo-n-alias-el-pizzero\/","title":{"rendered":"JOS\u00c9 EDUARDO \u201cN\u201d alias \u201cEl Pizzero\u201d"},"content":{"rendered":"\n<p>Sentenciado por robo calificado<\/p>\n\n\n\n<p>Salamanca, Gto., \u201cEl Pizzero\u201d ha sido sentenciado por el delito de robo calificado. Este sujeto rob\u00f3 al menos en 9 ocasiones tiendas de conveniencia bajo un mismo modus operandi: llegaba a bordo de una motocicleta con la leyenda de una franquicia de venta de pizzas y colocaba las mercanc\u00edas robadas en una bolsa t\u00e9rmica que llevaba consigo.<\/p>\n\n\n\n<p>JOS\u00c9 EDUARDO \u201cN\u201d, se hac\u00eda acompa\u00f1ar de un masculino de complexi\u00f3n robusta que portaba un casco de motocicleta con la leyenda de la empresa y el logotipo de la misma, lo que les permit\u00eda ingresar a los establecimientos sin despertar sospechas.<\/p>\n\n\n\n<p>Ambos sujetos ingresaban a las tiendas de conveniencia y mientras uno se encargaba de amagar con un arma a los empleados, JOS\u00c9 EDUARDO \u201cN\u201d se dirig\u00eda al \u00e1rea de cajas de cobro y tomaba el dinero en efectivo del interior, y se daba tiempo para llevarse m\u00e1s mercanc\u00eda de los estantes y con toda calma, se daba a la fuga, convencido de que su disfraz ocultar\u00eda su identidad.<\/p>\n\n\n\n<p>De esta forma, \u201cEl Pizzero\u201d rob\u00f3 9 veces establecimientos de la cadena Oxxo durante 2021, lo que dio lugar a la apertura de igual n\u00famero de causas penales en una sola carpeta de investigaci\u00f3n.<\/p>\n\n\n\n<p>El sujeto de 26 a\u00f1os fue detenido en flagrancia el 17 de mayo de 2022. La Fiscal\u00eda General del Estado obtuvo video-grabaciones que lo incriminan en los hechos delictivos y derivado de diversas entrevistas e investigaciones de campo, fue identificado por varios testimonios.<\/p>\n\n\n\n<p>Luego de presentar los elementos probatorios en audiencia de juicio oral, la Fiscal\u00eda General del Estado obtuvo que el imputado fuera sentenciado con una pena de 06 a\u00f1os de c\u00e1rcel y la reparaci\u00f3n del da\u00f1o.<\/p>\n\n\n\n<figure class=\"wp-block-image size-large\"><img loading=\"lazy\" decoding=\"async\" width=\"820\" height=\"1024\" src=\"https:\/\/periodiconuevomilenio.com\/wp-content\/uploads\/2023\/12\/WhatsApp-Image-2023-12-01-at-3.10.08-PM-820x1024.jpeg\" alt=\"\" class=\"wp-image-9928\" srcset=\"https:\/\/periodiconuevomilenio.com\/wp-content\/uploads\/2023\/12\/WhatsApp-Image-2023-12-01-at-3.10.08-PM-820x1024.jpeg 820w, https:\/\/periodiconuevomilenio.com\/wp-content\/uploads\/2023\/12\/WhatsApp-Image-2023-12-01-at-3.10.08-PM-240x300.jpeg 240w, https:\/\/periodiconuevomilenio.com\/wp-content\/uploads\/2023\/12\/WhatsApp-Image-2023-12-01-at-3.10.08-PM-768x959.jpeg 768w, https:\/\/periodiconuevomilenio.com\/wp-content\/uploads\/2023\/12\/WhatsApp-Image-2023-12-01-at-3.10.08-PM-1230x1536.jpeg 1230w, https:\/\/periodiconuevomilenio.com\/wp-content\/uploads\/2023\/12\/WhatsApp-Image-2023-12-01-at-3.10.08-PM-1024x1279.jpeg 1024w, https:\/\/periodiconuevomilenio.com\/wp-content\/uploads\/2023\/12\/WhatsApp-Image-2023-12-01-at-3.10.08-PM.jpeg 1281w\" sizes=\"auto, (max-width: 820px) 100vw, 820px\" \/><\/figure>\n\n\n","protected":false},"excerpt":{"rendered":"<p>Sentenciado por robo calificado Salamanca, Gto., \u201cEl Pizzero\u201d ha sido sentenciado por el delito de robo calificado. Este<\/p>\n","protected":false},"author":1,"featured_media":9928,"comment_status":"open","ping_status":"open","sticky":false,"template":"","format":"standard","meta":{"jetpack_post_was_ever_published":false,"_jetpack_newsletter_access":"","_jetpack_dont_email_post_to_subs":false,"_jetpack_newsletter_tier_id":0,"_jetpack_memberships_contains_paywalled_content":false,"_jetpack_memberships_contains_paid_content":false,"footnotes":"","jetpack_publicize_message":"","jetpack_publicize_feature_enabled":true,"jetpack_social_post_already_shared":true,"jetpack_social_options":{"image_generator_settings":{"template":"highway","enabled":false},"version":2}},"categories":[31,48],"tags":[51],"class_list":["post-9927","post","type-post","status-publish","format-standard","has-post-thumbnail","hentry","category-estado","category-policiaca","tag-estado"],"jetpack_publicize_connections":[],"jetpack_sharing_enabled":true,"jetpack_featured_media_url":"https:\/\/periodiconuevomilenio.com\/wp-content\/uploads\/2023\/12\/WhatsApp-Image-2023-12-01-at-3.10.08-PM.jpeg","_links":{"self":[{"href":"https:\/\/periodiconuevomilenio.com\/index.php\/wp-json\/wp\/v2\/posts\/9927","targetHints":{"allow":["GET"]}}],"collection":[{"href":"https:\/\/periodiconuevomilenio.com\/index.php\/wp-json\/wp\/v2\/posts"}],"about":[{"href":"https:\/\/periodiconuevomilenio.com\/index.php\/wp-json\/wp\/v2\/types\/post"}],"author":[{"embeddable":true,"href":"https:\/\/periodiconuevomilenio.com\/index.php\/wp-json\/wp\/v2\/users\/1"}],"replies":[{"embeddable":true,"href":"https:\/\/periodiconuevomilenio.com\/index.php\/wp-json\/wp\/v2\/comments?post=9927"}],"version-history":[{"count":1,"href":"https:\/\/periodiconuevomilenio.com\/index.php\/wp-json\/wp\/v2\/posts\/9927\/revisions"}],"predecessor-version":[{"id":9929,"href":"https:\/\/periodiconuevomilenio.com\/index.php\/wp-json\/wp\/v2\/posts\/9927\/revisions\/9929"}],"wp:featuredmedia":[{"embeddable":true,"href":"https:\/\/periodiconuevomilenio.com\/index.php\/wp-json\/wp\/v2\/media\/9928"}],"wp:attachment":[{"href":"https:\/\/periodiconuevomilenio.com\/index.php\/wp-json\/wp\/v2\/media?parent=9927"}],"wp:term":[{"taxonomy":"category","embeddable":true,"href":"https:\/\/periodiconuevomilenio.com\/index.php\/wp-json\/wp\/v2\/categories?post=9927"},{"taxonomy":"post_tag","embeddable":true,"href":"https:\/\/periodiconuevomilenio.com\/index.php\/wp-json\/wp\/v2\/tags?post=9927"}],"curies":[{"name":"wp","href":"https:\/\/api.w.org\/{rel}","templated":true}]}}