{"id":9952,"date":"2023-12-02T01:25:14","date_gmt":"2023-12-02T07:25:14","guid":{"rendered":"https:\/\/periodiconuevomilenio.com\/?p=9952"},"modified":"2023-12-02T01:25:16","modified_gmt":"2023-12-02T07:25:16","slug":"jaral-recibe-diciembre-con-dos-muertos-y-un-herido","status":"publish","type":"post","link":"https:\/\/periodiconuevomilenio.com\/index.php\/2023\/12\/02\/jaral-recibe-diciembre-con-dos-muertos-y-un-herido\/","title":{"rendered":"Jaral recibe diciembre con dos muertos y un herido."},"content":{"rendered":"\n<p>\u2022\u00a0\u00a0\u00a0\u00a0\u00a0\u00a0\u00a0\u00a0\u00a0\u00a0\u00a0\u00a0 Ladrilleros fueron atacados a tiros, dos murieron en el lugar y uno est\u00e1 herido<\/p>\n\n\n\n<p><\/p>\n\n\n\n<p><\/p>\n\n\n\n<p>JARAL DEL PROGRESO, GTO.- Dos personas sin vida y un lesionado fue el saldo de un ataque a balazos que se registr\u00f3 este d\u00eda en la ciudad de Jaral del Progreso, lo que mantiene literalmente \u201cblindada\u201d la ciudad por elementos del Ej\u00e9rcito, Guardia Nacional, Seguridad P\u00fablica del estado y los municipales.<br>Fue al filo de las 16:30 horas cuando lleg\u00f3 el reporte al sistema de emergencia 911 poniendo en alerta a la polic\u00eda porque se hab\u00edan escuchado muchos balazos, al menos dos descargas y aparentemente tres lesionados, lo cual fue confirmado plenamente poco despu\u00e9s.<br>Este hecho ocurrido en la salida norte de la ciudad, en la carretera estatal que conduce de Jaral a Valle de Santiago, v\u00eda Rosa de Castilla, donde se le conoce como las Ladrilleras, corroboraron que hab\u00eda dos personas con lesiones en diferentes partes del cuerpo, solicitando la presencia de los param\u00e9dicos que solo llegaron para confirmar que ya no ten\u00edan signos vitales.<br>Uno de ellos ya fue plenamente identificado de nombre Guillermo y otro sin identificar, dando aviso a la fiscal\u00eda del estado que enviaron a la zona a los agentes de investigaci\u00f3n para que abriera una carpeta de investigaci\u00f3n y recabaran todas las evidencias necesarias para esclarecer este doble homicidio<br>Se dijo que el que est\u00e1 herido se identifica como \u00c1ngel, de aproximadamente 50 a\u00f1os, estaba en la ladrillera donde dos personas murieron en un ataque a balazos, tras el hecho y al verse salvado se fue a su casa donde m\u00e1s tarde se percat\u00f3 que ten\u00eda una herida de las que producen las balas disparadas por una arma de fuego y fue traslado en c\u00f3digo amarillo al hospital comunitario.<\/p>\n\n\n\n<figure class=\"wp-block-gallery has-nested-images columns-default is-cropped wp-block-gallery-1 is-layout-flex wp-block-gallery-is-layout-flex\">\n<figure class=\"wp-block-image size-large\"><img loading=\"lazy\" decoding=\"async\" width=\"1024\" height=\"683\" data-id=\"9954\" src=\"https:\/\/periodiconuevomilenio.com\/wp-content\/uploads\/2023\/12\/img_8306-1024x683.jpg\" alt=\"\" class=\"wp-image-9954\" srcset=\"https:\/\/periodiconuevomilenio.com\/wp-content\/uploads\/2023\/12\/img_8306-1024x683.jpg 1024w, https:\/\/periodiconuevomilenio.com\/wp-content\/uploads\/2023\/12\/img_8306-300x200.jpg 300w, https:\/\/periodiconuevomilenio.com\/wp-content\/uploads\/2023\/12\/img_8306-768x512.jpg 768w, https:\/\/periodiconuevomilenio.com\/wp-content\/uploads\/2023\/12\/img_8306-1536x1024.jpg 1536w, https:\/\/periodiconuevomilenio.com\/wp-content\/uploads\/2023\/12\/img_8306-2048x1365.jpg 2048w\" sizes=\"auto, (max-width: 1024px) 100vw, 1024px\" \/><\/figure>\n\n\n\n<figure class=\"wp-block-image size-large\"><img loading=\"lazy\" decoding=\"async\" width=\"1024\" height=\"683\" data-id=\"9955\" src=\"https:\/\/periodiconuevomilenio.com\/wp-content\/uploads\/2023\/12\/img_8298-1024x683.jpg\" alt=\"\" class=\"wp-image-9955\" srcset=\"https:\/\/periodiconuevomilenio.com\/wp-content\/uploads\/2023\/12\/img_8298-1024x683.jpg 1024w, https:\/\/periodiconuevomilenio.com\/wp-content\/uploads\/2023\/12\/img_8298-300x200.jpg 300w, https:\/\/periodiconuevomilenio.com\/wp-content\/uploads\/2023\/12\/img_8298-768x512.jpg 768w, https:\/\/periodiconuevomilenio.com\/wp-content\/uploads\/2023\/12\/img_8298-1536x1024.jpg 1536w, https:\/\/periodiconuevomilenio.com\/wp-content\/uploads\/2023\/12\/img_8298-2048x1365.jpg 2048w\" sizes=\"auto, (max-width: 1024px) 100vw, 1024px\" \/><\/figure>\n\n\n\n<figure class=\"wp-block-image size-large\"><img loading=\"lazy\" decoding=\"async\" width=\"1024\" height=\"683\" data-id=\"9953\" src=\"https:\/\/periodiconuevomilenio.com\/wp-content\/uploads\/2023\/12\/img_8293-1024x683.jpg\" alt=\"\" class=\"wp-image-9953\" srcset=\"https:\/\/periodiconuevomilenio.com\/wp-content\/uploads\/2023\/12\/img_8293-1024x683.jpg 1024w, https:\/\/periodiconuevomilenio.com\/wp-content\/uploads\/2023\/12\/img_8293-300x200.jpg 300w, https:\/\/periodiconuevomilenio.com\/wp-content\/uploads\/2023\/12\/img_8293-768x512.jpg 768w, https:\/\/periodiconuevomilenio.com\/wp-content\/uploads\/2023\/12\/img_8293-1536x1024.jpg 1536w, https:\/\/periodiconuevomilenio.com\/wp-content\/uploads\/2023\/12\/img_8293-2048x1365.jpg 2048w\" sizes=\"auto, (max-width: 1024px) 100vw, 1024px\" \/><\/figure>\n<\/figure>\n\n\n\n<p><\/p>\n","protected":false},"excerpt":{"rendered":"<p>\u2022\u00a0\u00a0\u00a0\u00a0\u00a0\u00a0\u00a0\u00a0\u00a0\u00a0\u00a0\u00a0 Ladrilleros fueron atacados a tiros, dos murieron en el lugar y uno est\u00e1 herido JARAL DEL PROGRESO,<\/p>\n","protected":false},"author":1,"featured_media":9954,"comment_status":"open","ping_status":"open","sticky":false,"template":"","format":"standard","meta":{"jetpack_post_was_ever_published":false,"_jetpack_newsletter_access":"","_jetpack_dont_email_post_to_subs":false,"_jetpack_newsletter_tier_id":0,"_jetpack_memberships_contains_paywalled_content":false,"_jetpack_memberships_contains_paid_content":false,"footnotes":"","jetpack_publicize_message":"","jetpack_publicize_feature_enabled":false,"jetpack_social_post_already_shared":false,"jetpack_social_options":{"image_generator_settings":{"template":"highway","enabled":false},"version":2}},"categories":[34,48],"tags":[23],"class_list":["post-9952","post","type-post","status-publish","format-standard","has-post-thumbnail","hentry","category-jaral-del-progreso","category-policiaca","tag-jaral"],"jetpack_publicize_connections":[],"jetpack_sharing_enabled":true,"jetpack_featured_media_url":"https:\/\/periodiconuevomilenio.com\/wp-content\/uploads\/2023\/12\/img_8306-scaled.jpg","_links":{"self":[{"href":"https:\/\/periodiconuevomilenio.com\/index.php\/wp-json\/wp\/v2\/posts\/9952","targetHints":{"allow":["GET"]}}],"collection":[{"href":"https:\/\/periodiconuevomilenio.com\/index.php\/wp-json\/wp\/v2\/posts"}],"about":[{"href":"https:\/\/periodiconuevomilenio.com\/index.php\/wp-json\/wp\/v2\/types\/post"}],"author":[{"embeddable":true,"href":"https:\/\/periodiconuevomilenio.com\/index.php\/wp-json\/wp\/v2\/users\/1"}],"replies":[{"embeddable":true,"href":"https:\/\/periodiconuevomilenio.com\/index.php\/wp-json\/wp\/v2\/comments?post=9952"}],"version-history":[{"count":1,"href":"https:\/\/periodiconuevomilenio.com\/index.php\/wp-json\/wp\/v2\/posts\/9952\/revisions"}],"predecessor-version":[{"id":9956,"href":"https:\/\/periodiconuevomilenio.com\/index.php\/wp-json\/wp\/v2\/posts\/9952\/revisions\/9956"}],"wp:featuredmedia":[{"embeddable":true,"href":"https:\/\/periodiconuevomilenio.com\/index.php\/wp-json\/wp\/v2\/media\/9954"}],"wp:attachment":[{"href":"https:\/\/periodiconuevomilenio.com\/index.php\/wp-json\/wp\/v2\/media?parent=9952"}],"wp:term":[{"taxonomy":"category","embeddable":true,"href":"https:\/\/periodiconuevomilenio.com\/index.php\/wp-json\/wp\/v2\/categories?post=9952"},{"taxonomy":"post_tag","embeddable":true,"href":"https:\/\/periodiconuevomilenio.com\/index.php\/wp-json\/wp\/v2\/tags?post=9952"}],"curies":[{"name":"wp","href":"https:\/\/api.w.org\/{rel}","templated":true}]}}