{"id":9979,"date":"2023-12-03T00:55:36","date_gmt":"2023-12-03T06:55:36","guid":{"rendered":"https:\/\/periodiconuevomilenio.com\/?p=9979"},"modified":"2023-12-03T00:55:37","modified_gmt":"2023-12-03T06:55:37","slug":"muere-motociclista-rumbo-a-la-gachupina","status":"publish","type":"post","link":"https:\/\/periodiconuevomilenio.com\/index.php\/2023\/12\/03\/muere-motociclista-rumbo-a-la-gachupina\/","title":{"rendered":"Muere motociclista, rumbo a la Gachupina"},"content":{"rendered":"\n<p>VALLE DE SANTIAGO, GTO.- La ma\u00f1ana de este s\u00e1bado 2&nbsp; de diciembre, una persona que viajaba a bordo de una motocicleta se impact\u00f3 contra&nbsp; un mont\u00f3n de arena en la carretera estatal y fallece en el lugar.<\/p>\n\n\n\n<p>Cabe hacer menci\u00f3n que este material se encuentra distribuido a lo largo de esta v\u00eda de&nbsp; acceso&nbsp; ya que se realizan trabajos de rehabilitaci\u00f3n de la carretera estatal Valle a la Gachupina.<\/p>\n\n\n\n<p>&nbsp;Es posible que la persona que viajaba en la moto lo hiciera a gran velocidad y en determinado momento perdi\u00f3 el control con tan lamentables resultados, ya se realizaron los respectivos peritajes para ver el grado de responsabilidad.<\/p>\n\n\n\n<p>De acuerdo a los informes preliminares, fue este s\u00e1bado&nbsp; 2 de diciembre al filo de las 6 de la ma\u00f1ana con 40 minutos, al sistema de emergencia 911 lleg\u00f3 una llamada de auxilio&nbsp; solicitando la presencia de una ambulancia porque se hab\u00eda registrado un accidente de una moto y su conductor estaba herido.<\/p>\n\n\n\n<p>Al lugar llegaron elementos de la cruz roja,&nbsp; quien tras revisar a la persona, determinaron que ya nada se pod\u00eda hacer, pues, lamentablemente hab\u00eda perdido la vida.<\/p>\n\n\n\n<p>Al lugar llegaron agentes de investigaci\u00f3n criminal, quienes levantaron todos los indicios y se pudo observar que el conductor de la moto no llevaba casco protector.<\/p>\n\n\n\n<p>El cuerpo&nbsp; fue levantado y llevado a la morgue a la capital del estado, a las instalaciones del Servicio M\u00e9dico Forense,&nbsp; se realiz\u00f3 la pr\u00e1ctica de la necropsia&nbsp; de ley para determinar primero con la identidad de la persona y posteriormente la mec\u00e1nica de los hechos que terminaron con la vida de esta persona.<\/p>\n\n\n\n<div class=\"wp-block-file\"><a id=\"wp-block-file--media-be1b3c33-ed95-4f35-9aad-3f1b6064fb2c\" href=\"https:\/\/periodiconuevomilenio.com\/wp-content\/uploads\/2023\/12\/Screenshot_2023-12-02-20-53-27-180_com.facebook.katana.jpg\">Screenshot_2023-12-02-20-53-27-180_com.facebook.katana<\/a><a href=\"https:\/\/periodiconuevomilenio.com\/wp-content\/uploads\/2023\/12\/Screenshot_2023-12-02-20-53-27-180_com.facebook.katana.jpg\" class=\"wp-block-file__button wp-element-button\" download aria-describedby=\"wp-block-file--media-be1b3c33-ed95-4f35-9aad-3f1b6064fb2c\">Descarga<\/a><\/div>\n\n\n\n<figure class=\"wp-block-image size-full\"><img loading=\"lazy\" decoding=\"async\" width=\"694\" height=\"488\" src=\"https:\/\/periodiconuevomilenio.com\/wp-content\/uploads\/2023\/12\/Screenshot_2023-12-02-20-53-57-945_com.facebook.katana.jpg\" alt=\"\" class=\"wp-image-9980\" srcset=\"https:\/\/periodiconuevomilenio.com\/wp-content\/uploads\/2023\/12\/Screenshot_2023-12-02-20-53-57-945_com.facebook.katana.jpg 694w, https:\/\/periodiconuevomilenio.com\/wp-content\/uploads\/2023\/12\/Screenshot_2023-12-02-20-53-57-945_com.facebook.katana-300x211.jpg 300w\" sizes=\"auto, (max-width: 694px) 100vw, 694px\" \/><\/figure>\n\n\n\n<figure class=\"wp-block-gallery has-nested-images columns-default is-cropped wp-block-gallery-1 is-layout-flex wp-block-gallery-is-layout-flex\">\n<figure class=\"wp-block-image size-large\"><img loading=\"lazy\" decoding=\"async\" width=\"1024\" height=\"693\" data-id=\"9982\" src=\"https:\/\/periodiconuevomilenio.com\/wp-content\/uploads\/2023\/12\/Screenshot_2023-12-02-20-53-25-159_com.facebook.katana-1024x693.jpg\" alt=\"\" class=\"wp-image-9982\" srcset=\"https:\/\/periodiconuevomilenio.com\/wp-content\/uploads\/2023\/12\/Screenshot_2023-12-02-20-53-25-159_com.facebook.katana-1024x693.jpg 1024w, https:\/\/periodiconuevomilenio.com\/wp-content\/uploads\/2023\/12\/Screenshot_2023-12-02-20-53-25-159_com.facebook.katana-300x203.jpg 300w, https:\/\/periodiconuevomilenio.com\/wp-content\/uploads\/2023\/12\/Screenshot_2023-12-02-20-53-25-159_com.facebook.katana-768x520.jpg 768w, https:\/\/periodiconuevomilenio.com\/wp-content\/uploads\/2023\/12\/Screenshot_2023-12-02-20-53-25-159_com.facebook.katana.jpg 1086w\" sizes=\"auto, (max-width: 1024px) 100vw, 1024px\" \/><\/figure>\n<\/figure>\n","protected":false},"excerpt":{"rendered":"<p>VALLE DE SANTIAGO, GTO.- La ma\u00f1ana de este s\u00e1bado 2&nbsp; de diciembre, una persona que viajaba a bordo<\/p>\n","protected":false},"author":1,"featured_media":9980,"comment_status":"open","ping_status":"open","sticky":false,"template":"","format":"standard","meta":{"jetpack_post_was_ever_published":false,"_jetpack_newsletter_access":"","_jetpack_dont_email_post_to_subs":false,"_jetpack_newsletter_tier_id":0,"_jetpack_memberships_contains_paywalled_content":false,"_jetpack_memberships_contains_paid_content":false,"footnotes":"","jetpack_publicize_message":"","jetpack_publicize_feature_enabled":false,"jetpack_social_post_already_shared":false,"jetpack_social_options":{"image_generator_settings":{"template":"highway","enabled":false},"version":2}},"categories":[48,39],"tags":[22],"class_list":["post-9979","post","type-post","status-publish","format-standard","has-post-thumbnail","hentry","category-policiaca","category-valle-de-santiago","tag-valle"],"jetpack_publicize_connections":[],"jetpack_sharing_enabled":true,"jetpack_featured_media_url":"https:\/\/periodiconuevomilenio.com\/wp-content\/uploads\/2023\/12\/Screenshot_2023-12-02-20-53-57-945_com.facebook.katana.jpg","_links":{"self":[{"href":"https:\/\/periodiconuevomilenio.com\/index.php\/wp-json\/wp\/v2\/posts\/9979","targetHints":{"allow":["GET"]}}],"collection":[{"href":"https:\/\/periodiconuevomilenio.com\/index.php\/wp-json\/wp\/v2\/posts"}],"about":[{"href":"https:\/\/periodiconuevomilenio.com\/index.php\/wp-json\/wp\/v2\/types\/post"}],"author":[{"embeddable":true,"href":"https:\/\/periodiconuevomilenio.com\/index.php\/wp-json\/wp\/v2\/users\/1"}],"replies":[{"embeddable":true,"href":"https:\/\/periodiconuevomilenio.com\/index.php\/wp-json\/wp\/v2\/comments?post=9979"}],"version-history":[{"count":1,"href":"https:\/\/periodiconuevomilenio.com\/index.php\/wp-json\/wp\/v2\/posts\/9979\/revisions"}],"predecessor-version":[{"id":9983,"href":"https:\/\/periodiconuevomilenio.com\/index.php\/wp-json\/wp\/v2\/posts\/9979\/revisions\/9983"}],"wp:featuredmedia":[{"embeddable":true,"href":"https:\/\/periodiconuevomilenio.com\/index.php\/wp-json\/wp\/v2\/media\/9980"}],"wp:attachment":[{"href":"https:\/\/periodiconuevomilenio.com\/index.php\/wp-json\/wp\/v2\/media?parent=9979"}],"wp:term":[{"taxonomy":"category","embeddable":true,"href":"https:\/\/periodiconuevomilenio.com\/index.php\/wp-json\/wp\/v2\/categories?post=9979"},{"taxonomy":"post_tag","embeddable":true,"href":"https:\/\/periodiconuevomilenio.com\/index.php\/wp-json\/wp\/v2\/tags?post=9979"}],"curies":[{"name":"wp","href":"https:\/\/api.w.org\/{rel}","templated":true}]}}